{"id":175,"date":"2018-06-18T08:00:00","date_gmt":"2018-06-18T06:00:00","guid":{"rendered":"https:\/\/rvo.bvsachsen.de\/wp\/wordpress\/2018\/06\/18\/2018-06-16-rrl-bautzen\/"},"modified":"2018-06-18T08:00:00","modified_gmt":"2018-06-18T06:00:00","slug":"2018-06-16-rrl-bautzen","status":"publish","type":"post","link":"https:\/\/rvo.wiese-jens.de\/?p=175","title":{"rendered":"Bericht  2.RRL U13\/U19 am 16.06.2018 in Bautzen"},"content":{"rendered":"<table style=\"border-collapse: collapse; width: 100%;\">\n<tbody>\n<tr>\n<td style=\"width: 43.6592%; border-style: solid; border-color: #000000; text-align: left; vertical-align: middle;\"><span style=\"font-size: 14px;\"><strong>Ergebnisse bei KROTON:<br \/>\n<\/strong><strong>Bildergalerie:<\/strong><\/span><\/td>\n<td style=\"width: 56.3408%; border-style: solid; border-color: #000000; text-align: left; vertical-align: middle;\"><span style=\"font-size: 14px;\"><strong><a href=\"https:\/\/dbv.turnier.de\/sport\/winners.aspx?id=a622aed7-27a3-49e3-bfb1-3f9dc682c717\" target=\"_blank\" rel=\"noopener\">[klick hier]<\/a><br \/>\n<\/strong><strong><a href=\"https:\/\/photos.app.goo.gl\/bVe73ekKtBXFVYzy9\" target=\"_blank\" rel=\"noopener\">[klick hier]<\/a><\/strong><\/span><\/td>\n<\/tr>\n<\/tbody>\n<\/table>\n<p><span style=\"font-size: 16px; color: #000000;\"><span style=\"font-family: times new roman,times,serif;\">Der MSV Bautzen 04 war Ausrichter der 2. RRL der AK U13\/U19.<br \/>\n<\/span><\/span><span style=\"font-size: 16px; color: #000000;\"><span style=\"font-family: times new roman,times,serif;\">Hier ein Bericht des Veranstalters:<\/span><\/span><\/p>\n<p><span style=\"color: #000000;\"><!--more--><\/span><\/p>\n<p><span style=\"color: #000000;\"><u><strong><span style=\"font-size: 16px;\"><span style=\"font-family: times new roman,times,serif;\">2. Regionalrangliste AK u13 und u19 in Bautzen<\/span><\/span><\/strong><\/u><\/span><\/p>\n<p><span style=\"font-size: 16px; color: #000000;\"><span style=\"font-family: times new roman,times,serif;\">Bevor es in die wohlverdiente Sommerpause geht, trafen sich die Badmintonspieler der Oberlausitz, um in zwei Altersklassen wichtige Ranglistenpunkte zu erspielen.<br \/>\nLeider fanden diesmal nur 28 Kinder\/Jugendliche den Weg nach Bautzen, erfreulich war, dass alle Vereine vertreten waren.<\/span><\/span><\/p>\n<p><span style=\"font-size: 16px; color: #000000;\"><span style=\"font-family: times new roman,times,serif;\">Begonnen wurde mit den Doppeln in der AK u19 und den Einzeln in der AK u13, danach k\u00e4mpften die u13 in den Doppeln und die u19 im Einzel.<\/span><\/span><\/p>\n<p><span style=\"font-size: 16px; color: #000000;\"><span style=\"font-family: times new roman,times,serif;\">In den Doppeln blieben wieder einmal die \u00dcberraschungen aus. Es siegten in der AK u13 im<br \/>\nM\u00e4dchendoppel Sophie Wagner\/Laurien Schneider von der TSV Gro\u00dfsch\u00f6nau klar vor<br \/>\nAlia Quarte\/Sandra Kr\u00fcger (Wei\u00dfwasser\/Zittau) und Cora Dutschmann\/Tabea Mieth aus Bautzen.<\/span><\/span><\/p>\n<p><span style=\"font-size: 16px; color: #000000;\"><span style=\"font-family: times new roman,times,serif;\">Im Jungendoppel gab es nur eine Partie, die Cedric Domeier\/Tim Pietschmann (Bautzen\/Gro\u00dfsch\u00f6nau)<br \/>\nvor den Sohl\u00e4nder Morris Kretschmar\/Malte Schwarze gewannen.<\/span><\/span><\/p>\n<p><span style=\"font-size: 16px; color: #000000;\"><span style=\"font-family: times new roman,times,serif;\">Im Doppel der AK u19 starteten immerhin 5 Doppel, hier gewannen die Zittauer Sophie Schneider\/Yasmin Schubert<br \/>\nvor den Sohl\u00e4nder Laura Bode\/Tina Szewczyk. Alle Spiele waren hier\u00a0 sehr knapp, der h\u00f6chste Satzgewinn lag\u00a0 bei 29:27.<\/span><\/span><\/p>\n<p><span style=\"font-size: 16px; color: #000000;\"><span style=\"font-family: times new roman,times,serif;\">Bei den Jungen wurde auch jeder Punkt hart umk\u00e4mpft, wobei sich am Ende die Bautzener<br \/>\nLeon Lemle\/Vincent Richter vor Daniel Menzel\/ Robin Reichel aus G\u00f6rlitz und Benjamin Domeier\/Janek Lenuweit<br \/>\nebenfalls aus Bautzen durchsetzten.<\/span><\/span><\/p>\n<p><span style=\"font-size: 16px; color: #000000;\"><span style=\"font-family: times new roman,times,serif;\">In den Einzeldisziplinen konnten sich die gesetzten Spieler zum Teil klar durchsetzen.<br \/>\nSophie Wagner gewann vor ihrer Vereinskameradin aus Gro\u00dfsch\u00f6nau Laurien Schneider und Alia Quarte<br \/>\naus Wei\u00dfwasser bei den M\u00e4dchen der AK u13. <\/span><\/span><\/p>\n<p><span style=\"font-size: 16px; color: #000000;\"><span style=\"font-family: times new roman,times,serif;\">Bei den Jungen der AK u13 setzte sich Hardy Behnsch aus Wei\u00dfwasser klar gegen Tim Pietschmann aus Gro\u00dfsch\u00f6nau und Cedric Domeier aus Bautzen durch.<\/span><\/span><\/p>\n<p><span style=\"font-size: 16px; color: #000000;\"><span style=\"font-family: times new roman,times,serif;\">Die Topfavoritin in der AK u19 bei den M\u00e4dchen war Laura Bode aus Sohland, sie hatte keine<br \/>\nM\u00fche, sich am Ende klar gegen Rosalin Reichel aus G\u00f6rlitz durchzusetzen. <\/span><\/span><\/p>\n<p><span style=\"font-size: 16px; color: #000000;\"><span style=\"font-family: times new roman,times,serif;\">Spannender waren die Matches um den Platz 3, wobei Sophie Schneider aus Zittau diesen erspielen konnte.<\/span><\/span><\/p>\n<p><span style=\"font-size: 16px; color: #000000;\"><span style=\"font-family: times new roman,times,serif;\">Bei den Jungen in der AK u19 gab es doch eine kleine \u00dcberraschung, denn das Endspiel<br \/>\ngewann nicht der Favorit Daniel Menzel aus G\u00f6rlitz, sondern Vincent Richter aus Bautzen.<br \/>\nDen dritten Platz erspielte sich Leon Lemle aus Bautzen.<\/span><\/span><\/p>\n<p><span style=\"font-size: 16px; color: #000000;\"><span style=\"font-family: times new roman,times,serif;\">Der MSV Bautzen und der RVO w\u00fcnschen allen Badmintonverr\u00fcckten der Oberlausitz sch\u00f6ne<\/span><\/span><\/p>\n<p><span style=\"font-size: 16px; color: #000000;\"><span style=\"font-family: times new roman,times,serif;\">Ferien und ein gesundes Wiedersehen nach der Sommerpause.<\/span><\/span><\/p>\n<p><span style=\"font-family: times new roman, times, serif; color: #000000;\"><span style=\"font-size: 16px;\"><strong>Wolfgang und Gudrun Lenke<br \/>\n<\/strong><\/span><\/span><span style=\"font-family: times new roman, times, serif; color: #000000;\"><span style=\"font-size: 16px;\"><strong>MSV Bautzen 04<\/strong><\/span><\/span><br \/>\n<span style=\"color: #000000;\">\u00a0<\/span><\/p>\n<p>&nbsp;<\/p>\n<p>&nbsp;<\/p>\n","protected":false},"excerpt":{"rendered":"<p>Ergebnisse bei KROTON: Bildergalerie: [klick hier] [klick hier] Der MSV Bautzen 04 war Ausrichter der 2. RRL der AK U13\/U19. Hier ein Bericht des Veranstalters:<\/p>\n","protected":false},"author":17,"featured_media":0,"comment_status":"open","ping_status":"open","sticky":false,"template":"","format":"standard","meta":{"footnotes":""},"categories":[5],"tags":[],"class_list":["post-175","post","type-post","status-publish","format-standard","hentry","category-archiv"],"_links":{"self":[{"href":"https:\/\/rvo.wiese-jens.de\/index.php?rest_route=\/wp\/v2\/posts\/175","targetHints":{"allow":["GET"]}}],"collection":[{"href":"https:\/\/rvo.wiese-jens.de\/index.php?rest_route=\/wp\/v2\/posts"}],"about":[{"href":"https:\/\/rvo.wiese-jens.de\/index.php?rest_route=\/wp\/v2\/types\/post"}],"author":[{"embeddable":true,"href":"https:\/\/rvo.wiese-jens.de\/index.php?rest_route=\/wp\/v2\/users\/17"}],"replies":[{"embeddable":true,"href":"https:\/\/rvo.wiese-jens.de\/index.php?rest_route=%2Fwp%2Fv2%2Fcomments&post=175"}],"version-history":[{"count":0,"href":"https:\/\/rvo.wiese-jens.de\/index.php?rest_route=\/wp\/v2\/posts\/175\/revisions"}],"wp:attachment":[{"href":"https:\/\/rvo.wiese-jens.de\/index.php?rest_route=%2Fwp%2Fv2%2Fmedia&parent=175"}],"wp:term":[{"taxonomy":"category","embeddable":true,"href":"https:\/\/rvo.wiese-jens.de\/index.php?rest_route=%2Fwp%2Fv2%2Fcategories&post=175"},{"taxonomy":"post_tag","embeddable":true,"href":"https:\/\/rvo.wiese-jens.de\/index.php?rest_route=%2Fwp%2Fv2%2Ftags&post=175"}],"curies":[{"name":"wp","href":"https:\/\/api.w.org\/{rel}","templated":true}]}}