{"id":177,"date":"2018-09-09T17:00:00","date_gmt":"2018-09-09T15:00:00","guid":{"rendered":"https:\/\/rvo.bvsachsen.de\/wp\/wordpress\/2018\/09\/09\/2018-09-08-rrl-bautzen-2\/"},"modified":"2018-09-09T17:00:00","modified_gmt":"2018-09-09T15:00:00","slug":"2018-09-08-rrl-bautzen-2","status":"publish","type":"post","link":"https:\/\/rvo.wiese-jens.de\/?p=177","title":{"rendered":"Bericht  2.RRL U9 3.RRL Aktive am 08.09.2018 in Bautzen"},"content":{"rendered":"<table style=\"border-collapse: collapse; width: 100%;\">\n<tbody>\n<tr>\n<td style=\"width: 42.8666%; border-style: solid; border-color: #000000; text-align: left; vertical-align: middle;\"><strong>Ergebnisse bei KROTON:<br \/>\n<\/strong><strong>Bildergalerie:<\/strong><\/td>\n<td style=\"width: 57.1334%; border-style: solid; border-color: #000000; text-align: left; vertical-align: middle;\"><strong><a href=\"https:\/\/dbv.turnier.de\/sport\/winners.aspx?id=7bce17b4-929e-41c0-b54c-aab45eb29e2d\" target=\"_blank\" rel=\"noopener\">[klick hier]<\/a><br \/>\n<\/strong><strong><a href=\"https:\/\/photos.app.goo.gl\/2at3ng16gUddtAck8\" target=\"_blank\" rel=\"noopener\">[klick hier]<\/a><\/strong><\/td>\n<\/tr>\n<\/tbody>\n<\/table>\n<p><span style=\"color: #000000; font-family: times new roman, times, serif; font-size: 16px;\">Der MSV Bautzen 04 war Ausrichter der\u00a0 RRL am 08.09.2018<br \/>\nHier ein Bericht des Veranstalters:<\/span><\/p>\n<p><span style=\"color: #000000; font-family: times new roman, times, serif; font-size: 16px;\"><!--more--><\/span><\/p>\n<p><span style=\"color: #000000; font-family: times new roman, times, serif; font-size: 16px;\"><u><strong>2. Regionalrangliste AK u9 und 3.RRL Aktive in Bautzen<\/strong><\/u><\/span><\/p>\n<p><span style=\"font-size: 16px; color: #000000; font-family: times new roman, times, serif;\">Bei noch sommerlichen Temperaturen trafen sich die j\u00fcngsten (u9) und die \u201e\u00e4lteren\u201c (Aktive) Badmintonspieler in Bautzen<br \/>\nzu ihren letzen Regionalranglisten vor den Einzelmeisterschften.<\/span><\/p>\n<p><span style=\"font-size: 16px; color: #000000; font-family: times new roman, times, serif;\">Die hohen Temperaturen forderten von allen Spielern und Spielerinnen eine gute Kondition und Durchhalteverm\u00f6gen.<\/span><\/p>\n<p><span style=\"font-size: 16px; color: #000000; font-family: times new roman, times, serif;\">Es gab durchweg spannende und teilweise knappe Spiele.<\/span><\/p>\n<p><span style=\"font-size: 16px; color: #000000; font-family: times new roman, times, serif;\">Bei unseren J\u00fcngsten in der AK u9 hielt sich die Beteiligung in Grenzen, was nicht den Spielwitz und Spielfreude eind\u00e4mmte.<br \/>\nBei den M\u00e4dchen setzte sich Lina Lesniok aus Gro\u00dfsch\u00f6nau vor Amelie Behr aus Bautzen durch.<\/span><\/p>\n<p><span style=\"font-size: 16px; color: #000000; font-family: times new roman, times, serif;\">Die 3 Sohl\u00e4nder Jungen versuchten allesamt, Tizian Schuster aus Bautzen zu bezwingen,<br \/>\nwas ihnen nicht gelang, und so gewann Tizian souver\u00e4n vor Simon Schwarze und Lenard Herschel sowie Hannes Schwarze &#8211; alle aus Sohland.<\/span><\/p>\n<p><span style=\"font-size: 16px; color: #000000; font-family: times new roman, times, serif;\">Das zahlenm\u00e4\u00dfig gr\u00f6\u00dfte Starterfeld war im B-Turnier der Aktiven zu verzeichnen, aber auch bei den Damen waren wieder einmal 7 Starterinnen gemeldet.<br \/>\nMit vier Spielern war das A-Turnier bei den Aktiven \u00fcberschaubar.<\/span><\/p>\n<p><span style=\"font-size: 16px; color: #000000; font-family: times new roman, times, serif;\">In allen drei Kategorien zeigte es sich, dass die Jugend auf dem Vormarsch ist. <\/span><\/p>\n<p><span style=\"font-size: 16px; color: #000000; font-family: times new roman, times, serif;\">Bei den Damen setzte sich bei ihrem ersten Start bei den \u201eGro\u00dfen\u201c die noch 15-j\u00e4hrige Rosalin Reichel aus G\u00f6rlitz knapp vor<br \/>\nAshley Wendler aus Bautzen durch, Dritte wurde hier Fei Xie &#8211; ebenfalls aus Bautzen. <\/span><\/p>\n<p><span style=\"font-size: 16px; color: #000000; font-family: times new roman, times, serif;\">Im\u00a0 A-Turnier der Herren waren die Spieler leistungsm\u00e4\u00dfig dicht beieinander, es wurden viele Spiele erst im 3. Satz entschieden.<br \/>\nAm Ende setzte sich Daniel Menzel aus G\u00f6rlitz vor Florian Bothung aus Zittau durch, Dritter wurde hier Matthias Schuster aus Bautzen.<\/span><\/p>\n<p><span style=\"font-size: 16px; color: #000000; font-family: times new roman, times, serif;\">Mit 16 Startern und vielen spannenden Spielen waren die Herren des B-Feldes diejenigen, die das Turnier er\u00f6ffneten<br \/>\nund auch mit dem dem Spiel um Platz 3 beendeten. <\/span><\/p>\n<p><span style=\"font-size: 16px; color: #000000; font-family: times new roman, times, serif;\">Die beiden noch 16-j\u00e4hrigen Bautzener Vincent Richter und Leon Lemle gewannen ihre Spiele bis zum Finale souver\u00e4n.<br \/>\nIn diesem setzte sich dann Vincent Richter vor Leon Lemle durch, den dritten Platz erspielte sich Martin Schmidt aus Sohland.<\/span><\/p>\n<p><span style=\"font-size: 16px; color: #000000; font-family: times new roman, times, serif;\">Gl\u00fcckwunsch allen Siegern und Platzierten und Dank an alle Teilnehmer, die der Turnierleitung ein z\u00fcgiges und reibungsloses Turnier m\u00f6glich machten.<\/span><\/p>\n<p><span style=\"font-family: times new roman, times, serif; color: #000000; font-size: 16px;\"><strong>Wolfgang und Gudrun Lenke<br \/>\n<\/strong><\/span><span style=\"font-family: times new roman, times, serif; color: #000000; font-size: 16px;\"><strong>MSV Bautzen 04<\/strong><\/span><br \/>\n<span style=\"color: #000000; font-family: times new roman, times, serif; font-size: 16px;\">\u00a0<\/span><\/p>\n<p>&nbsp;<\/p>\n<p>&nbsp;<\/p>\n","protected":false},"excerpt":{"rendered":"<p>Ergebnisse bei KROTON: Bildergalerie: [klick hier] [klick hier] Der MSV Bautzen 04 war Ausrichter der\u00a0 RRL am 08.09.2018 Hier ein Bericht des Veranstalters:<\/p>\n","protected":false},"author":17,"featured_media":0,"comment_status":"open","ping_status":"open","sticky":false,"template":"","format":"standard","meta":{"footnotes":""},"categories":[5],"tags":[],"class_list":["post-177","post","type-post","status-publish","format-standard","hentry","category-archiv"],"_links":{"self":[{"href":"https:\/\/rvo.wiese-jens.de\/index.php?rest_route=\/wp\/v2\/posts\/177","targetHints":{"allow":["GET"]}}],"collection":[{"href":"https:\/\/rvo.wiese-jens.de\/index.php?rest_route=\/wp\/v2\/posts"}],"about":[{"href":"https:\/\/rvo.wiese-jens.de\/index.php?rest_route=\/wp\/v2\/types\/post"}],"author":[{"embeddable":true,"href":"https:\/\/rvo.wiese-jens.de\/index.php?rest_route=\/wp\/v2\/users\/17"}],"replies":[{"embeddable":true,"href":"https:\/\/rvo.wiese-jens.de\/index.php?rest_route=%2Fwp%2Fv2%2Fcomments&post=177"}],"version-history":[{"count":0,"href":"https:\/\/rvo.wiese-jens.de\/index.php?rest_route=\/wp\/v2\/posts\/177\/revisions"}],"wp:attachment":[{"href":"https:\/\/rvo.wiese-jens.de\/index.php?rest_route=%2Fwp%2Fv2%2Fmedia&parent=177"}],"wp:term":[{"taxonomy":"category","embeddable":true,"href":"https:\/\/rvo.wiese-jens.de\/index.php?rest_route=%2Fwp%2Fv2%2Fcategories&post=177"},{"taxonomy":"post_tag","embeddable":true,"href":"https:\/\/rvo.wiese-jens.de\/index.php?rest_route=%2Fwp%2Fv2%2Ftags&post=177"}],"curies":[{"name":"wp","href":"https:\/\/api.w.org\/{rel}","templated":true}]}}