{"id":178,"date":"2018-09-18T09:00:00","date_gmt":"2018-09-18T07:00:00","guid":{"rendered":"https:\/\/rvo.bvsachsen.de\/wp\/wordpress\/2018\/09\/18\/2018-09-15-rem-zittau\/"},"modified":"2018-09-18T09:00:00","modified_gmt":"2018-09-18T07:00:00","slug":"2018-09-15-rem-zittau","status":"publish","type":"post","link":"https:\/\/rvo.wiese-jens.de\/?p=178","title":{"rendered":"Bericht REM U9-U19 am 15.09.2018 in Zittau"},"content":{"rendered":"<table style=\"border-collapse: collapse; width: 100%; height: 56px;\">\n<tbody>\n<tr style=\"height: 56px;\">\n<td style=\"width: 44.1876%; text-align: left; vertical-align: middle; border-style: solid; border-color: #000000; height: 56px;\"><span style=\"font-size: 14px;\"><strong>Ergebnisse bei Kroton:<br \/>\n<\/strong><strong>Bildergalerie:<br \/>\n<\/strong><\/span><\/td>\n<td style=\"width: 55.8124%; text-align: left; vertical-align: middle; border-style: solid; border-color: #000000; height: 56px;\"><span style=\"font-size: 14px;\"><strong><a href=\"https:\/\/dbv.turnier.de\/sport\/winners.aspx?id=2b1e5229-f2e8-4868-b1e3-5775f92efcca\" target=\"_blank\" rel=\"noopener\">[klick hier]<\/a><\/strong><strong><br \/>\n<a href=\"https:\/\/photos.app.goo.gl\/WCSVZXK3DPL958979\" target=\"_blank\" rel=\"noopener\">[klick hier]<\/a><\/strong><\/span><\/td>\n<\/tr>\n<\/tbody>\n<\/table>\n<p><span style=\"color: #000000;\"><span style=\"font-family: times new roman,times,serif;\"><span style=\"font-size: 16px;\">Am 15.09.2018 fanden in Zittau die REM der Kinder und Jugend statt statt.<br \/>\n<\/span><\/span><span style=\"font-family: times new roman,times,serif;\"><span style=\"font-size: 16px;\">Grosses Dankesch\u00f6n f\u00fcr die Bereitstellung der Fotos an Karsten Putschke (1. BV G\u00f6rlitz) !<\/span><\/span><\/span><\/p>\n<p><span style=\"font-family: times new roman, times, serif; color: #000000;\"><span style=\"font-size: 16px;\">Hier ein <span style=\"font-size: 16px;\"><span style=\"font-family: times\\ new\\ roman, times, serif;\">Bericht des Veranstalters:<\/span><\/span><\/span><\/span><\/p>\n<p><span style=\"color: #000000;\"><!--more--><\/span><\/p>\n<p><span style=\"color: #000000;\"><u><span style=\"font-size: 18px;\"><strong><span style=\"font-family: times new roman,times,serif;\">Bericht zur REM u9-u19 in Zittau<\/span><\/strong><\/span><\/u><\/span><br \/>\n<span style=\"color: #000000;\">\u00a0<\/span><span style=\"font-size: 16px; color: #000000;\"><span style=\"font-family: times new roman,times,serif;\">Mit insgesamt 68 Startern aus den Vereinen des TSV Gro\u00dfsch\u00f6nau, MSV Bautzen, 1. BV G\u00f6rlitz,<br \/>\nBV Sohland, Gr\u00fcn-Wei\u00df Wei\u00dfwasser und Robur Zittau fanden die Regionaleinzelmeisterschaften in den<br \/>\nAltersklassen u9-u19 auch in diesem Jahr wieder eine tolle Resonanz.<br \/>\nEin Beweis daf\u00fcr, dass die einzelnen Vereine eine gute Nachwuchsarbeit leisten und viele Kinder f\u00fcr unseren Sport begeistern k\u00f6nnen.!<\/span><\/span><\/p>\n<p><span style=\"font-size: 16px; color: #000000;\"><span style=\"font-family: times new roman,times,serif;\">Vor Turnierbeginn wurden durch den RVO-Jugendwart Frank Adam zun\u00e4chst die Gewinner der Mannschaftsranglisten der Saison 2017\/2018 geehrt.<br \/>\nHier gewann in der u15 der TSV Gro\u00dfsch\u00f6nau, auf den Pl\u00e4tzen zwei und drei folgten der MSV Bautzen und die SG Robur Zittau. <\/span><\/span><\/p>\n<p><span style=\"font-size: 16px; color: #000000;\"><span style=\"font-family: times new roman,times,serif;\">In der u19 gewann der 1.BV G\u00f6rlitz vor den Teams aus Bautzen und Zittau.<\/span><\/span><\/p>\n<p><span style=\"font-size: 16px; color: #000000;\"><span style=\"font-family: times new roman,times,serif;\">Als erste Disziplin wurde mit Ausnahme der u9, wo ausschlie\u00dflich Einzel gespielt wurde, mit dem Mixed begonnen.<br \/>\nAnschlie\u00dfend folgten dann die Einzel und zum Ende die M\u00e4dchen- und Jungendoppel.<br \/>\nIn allen Altersklassen konnten teilweise sehr enge und spannende Spiele angeschaut werden, wo jeder sein bestm\u00f6gliche an diesem Tag abzuliefern versuchte.<\/span><\/span><\/p>\n<p><span style=\"font-size: 16px; color: #000000;\"><span style=\"font-family: times new roman,times,serif;\">In der u9 war das Teilnehmerfeld \u00fcberschaubar.<br \/>\nBei den M\u00e4dchen war Amelie Behr (Bautzen) die einzige Teilnehmerin und bei den Jungen machten drei Sohl\u00e4nder den Sieg unter sich aus. Am Ende gewann hier im Einzel Simon Schwarze.<\/span><\/span><\/p>\n<p><span style=\"font-size: 16px; color: #000000;\"><span style=\"font-family: times new roman,times,serif;\">In der u11 war Sandra Kr\u00fcger (Robur Zittau) mit zwei Titeln im Einzel und im Mix an der Seite von Cedric Schmidt erfolgreichste Teilnehmerin. <\/span><\/span><\/p>\n<p><span style=\"font-size: 16px; color: #000000;\"><span style=\"font-family: times new roman,times,serif;\">Bei den Jungen holte sich Kevin Noack aus Gro\u00dfsch\u00f6nau den Titel, im Jungendoppel gewannen Schwarze\/Schaffrath aus Sohland.<\/span><\/span><\/p>\n<p><span style=\"font-size: 16px; color: #000000;\"><span style=\"font-family: times new roman,times,serif;\">Die AK u13 war fest in Gro\u00dfsch\u00f6nauer Hand. Tim Pietschmann und Laurien Schneider \u00fcberzeugten voll und ganz.<br \/>\nBeide siegten im Einzel, Doppel (Tim mit Kevin Noack und Laurien mit Emily Helm) und gemeinsam im Mix.<\/span><\/span><\/p>\n<p><span style=\"font-size: 16px; color: #000000;\"><span style=\"font-family: times new roman,times,serif;\">In der u15 setzte sich im M\u00e4dcheneinzel Helena Kr\u00fcger aus Zittau durch, bei den Jungen gewann der Gro\u00dfsch\u00f6nauer Tim Claus.<br \/>\nGemeinsam mit Luca Lesniok war Tim ebenfalls im Doppel erfolgreich und im Mix gewann er mit Sophie Wagner.<br \/>\nIm M\u00e4dchendoppel holte sich die G\u00f6rlitzer Paarung Lyko\/Vater den Sieg.<\/span><\/span><\/p>\n<p><span style=\"font-size: 16px; color: #000000;\"><span style=\"font-family: times new roman,times,serif;\">Die u17 war bis auf das M\u00e4dcheneinzel in Bautzner Hand. Vincent Richter holte sich hier<br \/>\nden Dreifachsieg (Einzel, Doppel mit Leon Lemle, Mix mit Laura Bode aus Sohland). <\/span><\/span><\/p>\n<p><span style=\"font-size: 16px; color: #000000;\"><span style=\"font-family: times new roman,times,serif;\">Im M\u00e4dcheneinzel siegte Rosalin Reichel (G\u00f6rlitz) und im M\u00e4dchendoppel gewann die Paarung Pilop\/R\u00e4tze.<\/span><\/span><\/p>\n<p><span style=\"font-size: 16px; color: #000000;\"><span style=\"font-family: times new roman,times,serif;\">In der u19 kamen die Sieger aus verschiedenen Vereinen. Im Jungeneinzel setzte sich Daniel Menzel aus G\u00f6rlitz durch. Er gewann auch im Mix mit Rosalin Reichel. <\/span><\/span><\/p>\n<p><span style=\"font-size: 16px; color: #000000;\"><span style=\"font-family: times new roman,times,serif;\">Das M\u00e4dcheneinzel gewann Laura Bode. <\/span><\/span><\/p>\n<p><span style=\"font-size: 16px; color: #000000;\"><span style=\"font-family: times new roman,times,serif;\">Das Jungendoppel ging wiederum nach Bautzen (Domeier\/Lenuweit) und das M\u00e4dchendoppel gewann die Gro\u00dfsch\u00f6nauer Paarung Sch\u00f6lzel\/Wagner.<\/span><\/span><\/p>\n<p><span style=\"font-size: 16px; color: #000000;\"><span style=\"font-family: times new roman,times,serif;\">Nach knapp 9 Stunden ging das Turnier mit der Siegerehrung zu Ende, wo fast alle Spieler noch anwesend waren und dem ganzen einen w\u00fcrdigen Rahmen gaben.<br \/>\nHerzlichen Dank daf\u00fcr !.<br \/>\nDa das Turnier in den Altersklassen u11 und u15 gleichzeitig das Letzte der laufenden Saison war,<br \/>\nwurden zum Ende auch noch die Gesamtranglistengewinner geehrt.<br \/>\nHier gewann in der u11 Sandra Kr\u00fcger bei den M\u00e4dchen und Malte Schwartze (Sohland) bei den Jungen.<\/span><\/span><\/p>\n<p><span style=\"font-size: 16px; color: #000000;\"><span style=\"font-family: times new roman,times,serif;\">In der u15 gewann bei den M\u00e4dchen Gina R\u00e4tze denkbar knapp vor Helena Kr\u00fcger und Sophie Wagner, bei den Jungs setzte sich Tim Clau (Gro\u00dfsch\u00f6nau) durch.<\/span><\/span><\/p>\n<p><span style=\"font-size: 16px; color: #000000;\"><span style=\"font-family: times new roman,times,serif;\">Ein gro\u00dfes Dankesch\u00f6n geht zum Abschluss an die Spieler und Betreuer,<br \/>\nwelche sehr diszipliniert f\u00fcr einen reibungslosen Turnierablauf und viele spannende Spiele gesorgt haben. <\/span><\/span><\/p>\n<p><span style=\"font-size: 16px; color: #000000;\"><span style=\"font-family: times new roman,times,serif;\">Ebenfalls muss einmal mehr die tolle Versorgung w\u00e4hrend des Turniers gelobt werden, <\/span><\/span><br \/>\n<span style=\"font-size: 16px; color: #000000;\"><span style=\"font-family: times new roman,times,serif;\">welche mit selbstgemachten Kuchen, Salaten und Bauernhofeis f\u00fcr jeden etwas leckeres bereithielt.<\/span><\/span><\/p>\n<p><span style=\"font-size: 16px;\"><span style=\"font-family: times\\ new\\ roman, times, serif;\"><strong><span style=\"color: #000000;\">Stefan Adam<\/span><br \/>\n<span style=\"color: #000000;\">\u00a0SG Robur Zittau<\/span> <\/strong><\/span><\/span><\/p>\n","protected":false},"excerpt":{"rendered":"<p>Ergebnisse bei Kroton: Bildergalerie: [klick hier] [klick hier] Am 15.09.2018 fanden in Zittau die REM der Kinder und Jugend statt statt. Grosses Dankesch\u00f6n f\u00fcr die Bereitstellung der Fotos an Karsten&#8230;<\/p>\n<p class=\"more-link-wrap\"><a href=\"https:\/\/rvo.wiese-jens.de\/?p=178\" class=\"more-link\">Read More<span class=\"screen-reader-text\"> &ldquo;Bericht REM U9-U19 am 15.09.2018 in Zittau&rdquo;<\/span> &raquo;<\/a><\/p>\n","protected":false},"author":13,"featured_media":0,"comment_status":"open","ping_status":"open","sticky":false,"template":"","format":"standard","meta":{"footnotes":""},"categories":[5],"tags":[],"class_list":["post-178","post","type-post","status-publish","format-standard","hentry","category-archiv"],"_links":{"self":[{"href":"https:\/\/rvo.wiese-jens.de\/index.php?rest_route=\/wp\/v2\/posts\/178","targetHints":{"allow":["GET"]}}],"collection":[{"href":"https:\/\/rvo.wiese-jens.de\/index.php?rest_route=\/wp\/v2\/posts"}],"about":[{"href":"https:\/\/rvo.wiese-jens.de\/index.php?rest_route=\/wp\/v2\/types\/post"}],"author":[{"embeddable":true,"href":"https:\/\/rvo.wiese-jens.de\/index.php?rest_route=\/wp\/v2\/users\/13"}],"replies":[{"embeddable":true,"href":"https:\/\/rvo.wiese-jens.de\/index.php?rest_route=%2Fwp%2Fv2%2Fcomments&post=178"}],"version-history":[{"count":0,"href":"https:\/\/rvo.wiese-jens.de\/index.php?rest_route=\/wp\/v2\/posts\/178\/revisions"}],"wp:attachment":[{"href":"https:\/\/rvo.wiese-jens.de\/index.php?rest_route=%2Fwp%2Fv2%2Fmedia&parent=178"}],"wp:term":[{"taxonomy":"category","embeddable":true,"href":"https:\/\/rvo.wiese-jens.de\/index.php?rest_route=%2Fwp%2Fv2%2Fcategories&post=178"},{"taxonomy":"post_tag","embeddable":true,"href":"https:\/\/rvo.wiese-jens.de\/index.php?rest_route=%2Fwp%2Fv2%2Ftags&post=178"}],"curies":[{"name":"wp","href":"https:\/\/api.w.org\/{rel}","templated":true}]}}