{"id":180,"date":"2018-11-25T21:00:00","date_gmt":"2018-11-25T20:00:00","guid":{"rendered":"https:\/\/rvo.bvsachsen.de\/wp\/wordpress\/2018\/11\/25\/2018-11-24-rrl-u9-erm-akt-grs\/"},"modified":"2018-11-25T21:00:00","modified_gmt":"2018-11-25T20:00:00","slug":"2018-11-24-rrl-u9-erm-akt-grs","status":"publish","type":"post","link":"https:\/\/rvo.wiese-jens.de\/?p=180","title":{"rendered":"Bericht  3.RRL U9 und REM der Aktiven am 24.11.2018 in Gro\u00dfsch\u00f6nau"},"content":{"rendered":"<table style=\"width: 654px;\" border=\"0\" width=\"598\" cellspacing=\"1\" cellpadding=\"1\" align=\"left\">\n<tbody>\n<tr>\n<td style=\"text-align: right; vertical-align: middle; width: 319px;\"><span style=\"font-size: 14px;\"><span style=\"font-family: times new roman,times,serif;\"><a href=\"https:\/\/photos.app.goo.gl\/8Hr916z7xqL5W18h6\"><img fetchpriority=\"high\" decoding=\"async\" style=\"float: left;\" src=\"https:\/\/lh3.googleusercontent.com\/VLtC9O5Wucelhm4Z-1195x5xwiwKV7KUBWoFfs6nO2m-zr788E8lJ3VGETg2mjgGhIGxkFVAFSCSr_s8rwCVSjg8r8EHapn2RN9hr_crsqq-3V3w4zRJJdpBF5_grzKN6uQtWs9DLNjajcOgdbMnZG8uoc8KrhFtyExCB0UQuBlsPt_8015kNFMRHWviIIgx4MyeDx21nKW_8NJJ6RZ8CwD7Tz3_mJBIEW8vvego2I-BRQomTEsTVf5HrBLl7a0hZn36XX4V_g0-KTOF8SqJnzaijRlieQQEsaW4YrvERievBpWpB3nv6s9WuHpeOQQjnypKn2z6PvHtvxdGQY7j8mMfbWkyKpVQTLTBBOq4yWoj3qXu6cq2b0pyrVxgVzrDvBJ7-22r_v0dHnifFso_PAHH5McO8SCsbQ2QoIzAJOpFENQX-mtOQhYLIQG3GVrpifvXGRPUA3Q9VtEYBGCFc_dBxbqwrZGXFxSKAUiABZ-TQTukUGRE7dUlTmYKPXpXQ9SaCNSWLfzV5Bg-yTxmQs56miXd2gCbcG_WUJxEo5ckslbt40m18Tzen8O3-PG-ONRMYr_zn9KEX_OCWtrMugFlbj05CDvkHsXHMgP_TumdCjemsdioghgJNW0gbo3R9juBNddI15jx19mWzTqTNaUh=w478-h318-n\" alt=\"\" width=\"318\" height=\"219\" \/><\/a><\/span><\/span><\/td>\n<td style=\"width: 323px;\">\n<p style=\"margin-right: 40px; margin-left: 40px;\"><span style=\"font-size: 14px;\"><span style=\"font-family: times new roman,times,serif;\"><strong><span style=\"color: #000000;\">Ergebnisse bei KROTON \u00a0\u00a0\u00a0 <a href=\"https:\/\/dbv.turnier.de\/sport\/winners.aspx?id=855b0d58-81ce-47de-8c8f-3fd17bd4fa82\" target=\"_blank\" rel=\"noopener\">[klick hier]<\/a><br \/>\n<\/span><\/strong><\/span><\/span><span style=\"font-size: 14px;\"><span style=\"font-family: times new roman,times,serif;\"><strong><span style=\"color: #000000;\">Bildergalerie:\u00a0\u00a0\u00a0\u00a0\u00a0 \u00a0 \u00a0 \u00a0 \u00a0 \u00a0 \u00a0 \u00a0 \u00a0 \u00a0\u00a0 <a href=\"https:\/\/photos.app.goo.gl\/8Hr916z7xqL5W18h6\" target=\"_blank\" rel=\"noopener\">[klick hier]<\/a> <\/span><\/strong><\/span><\/span><\/p>\n<p style=\"margin-right: 40px; margin-left: 40px;\"><span style=\"font-size: 14px;\"><span style=\"font-family: times new roman,times,serif;\"><strong><span style=\"color: #000000;\">Einzelergebnisse REM:\u00a0\u00a0\u00a0\u00a0 \u00a0\u00a0 <a href=\"https:\/\/rvo.bvsachsen.de\/wp\/wordpress\/wp-content\/uploads\/2018\/11\/2018-11-24-Ergebnisse-REM-Aktive-2018.pdf\" target=\"_blank\" rel=\"noopener\">[klick hier]<\/a><\/span><\/strong><\/span><\/span><\/p>\n<\/td>\n<\/tr>\n<\/tbody>\n<\/table>\n<p>&nbsp;<\/p>\n<p>&nbsp;<\/p>\n<p>&nbsp;<\/p>\n<p>&nbsp;<\/p>\n<p><span style=\"font-size: 16px; color: #000000;\"><span style=\"font-family: times\\ new\\ roman, times, serif;\">Die\u00a0 3. Regionalrangliste in der AK U9 sowie die Regionaleinzelmeisterschaften<br \/>\nder Aktiven fanden am 24.11.2018\u00a0 in Gro\u00dfsch\u00f6nau statt.<\/span><\/span><\/p>\n<p><span style=\"font-size: 16px; color: #000000;\"><span style=\"font-family: times\\ new\\ roman, times, serif;\">Hier ein <span style=\"font-size: 16px;\"><span style=\"font-family: times\\ new\\ roman, times, serif;\">B<\/span><\/span>ericht des Veranstalters:<\/span><\/span><\/p>\n<p><span style=\"color: #000000;\"><!--more--><\/span><\/p>\n<p style=\"margin-left: 200px;\"><span style=\"color: #000000;\"><span style=\"font-size: 18px;\"><u><span style=\"font-family: times new roman,times,serif;\"><strong>Bericht 3.RRL U9 und REM Aktive am 24.11.2018 in Gro\u00dfsch\u00f6nau<\/strong><\/span><\/u><\/span>\u00a0<\/span><\/p>\n<p style=\"text-align: justify;\"><span style=\"font-size: 16px; color: #000000;\"><span style=\"font-family: times new roman,times,serif;\">Zur diesj\u00e4hrigen Regionaleinzelmeisterschaft der Aktiven, bzw. zur letzten RRL der Aktiven, waren bei k\u00fchlem Wetter 26 Herren und 10 Damen<br \/>\naus Bautzen, G\u00f6rlitz, Sohland, Gro\u00dfhennersdorf, Wei\u00dfwasser, Zittau und vom gastgebenden Verein nach Gro\u00dfsch\u00f6nau gereist,<br \/>\num ihre Meister beim Badminton im Mixed, Einzel und Doppel zu ermitteln.<br \/>\nDamit ist es seit l\u00e4ngerer Zeit wiedermal gelungen einen Wettkampf durchzuf\u00fchren, an dem<br \/>\naus jedem Verein des RVO mindestens ein oder mehrerer Spieler teilnahm. <\/span><\/span><\/p>\n<p style=\"text-align: justify;\"><span style=\"font-size: 16px; color: #000000;\"><span style=\"font-family: times new roman,times,serif;\">Parallel zum den Meisterschaften fand auch die letzte Rangliste der u9-er stand.<br \/>\nDas Starterfeld war in dieser AK sehr \u00fcbersichtlich, 5 Jungen und 2 M\u00e4dchen hatten f\u00fcr die Rangliste gemeldet.<\/span><\/span><\/p>\n<p style=\"text-align: justify;\"><span style=\"font-size: 16px; color: #000000;\"><span style=\"font-family: times new roman,times,serif;\">Bei den Aktiven waren der 1.BV G\u00f6rlitz und der MSV Bautzen 04 mit jeweils 2 Meistertiteln die erfolgreichsten Vereine des RVO,<br \/>\ngefolgt vom TSV Gro\u00dfsch\u00f6nau und dem BV Sohland mit jeweils einem Titel.<\/span><\/span><\/p>\n<p style=\"text-align: justify;\"><span style=\"font-size: 16px; color: #000000;\"><span style=\"font-family: times new roman,times,serif;\">Im Mixed setzten sich im einem spannenden Finale des Einfach-k.o.-Systems Maik Wolf\/Gudrun Lenke (MSV Bautzen) vor<br \/>\nFrank Adam\/Steffi Lesniok (TSV Gro\u00dfsch\u00f6nau) durch. Dritte wurden hier Thomas Palme\/Fei Xie und Eduard Terentev\/Annelene Behr (beide MSV Bautzen).<\/span><\/span><\/p>\n<p style=\"text-align: justify;\"><span style=\"font-size: 16px; color: #000000;\"><span style=\"font-family: times new roman,times,serif;\">Die Einzeldisziplinen wurden im Doppel-k.o.-System gespielt. Bei den Damen gewann die erst 14-j\u00e4hrige Sohl\u00e4nderin Laura Bode<br \/>\ndas Endspiel gegen Annelene Behr (MSV Bautzen). Im Spiel um Platz 3 setzte sich Rosalin Reichel (1.BV G\u00f6rlitz) gegen Fei Xie (MSV Bautzen) durch. <\/span><\/span><\/p>\n<p style=\"text-align: justify;\"><span style=\"font-size: 16px; color: #000000;\"><span style=\"font-family: times new roman,times,serif;\">Die Herrenkonkurrenz wurde, wie schon bei der letzten REM, in einem A- bzw. B-Turnier durchgef\u00fchrt.<br \/>\nDie Matches der Herren waren sehr ausgeglichen und so wurden viele Spiele erst nach drei S\u00e4tzen entschieden.<br \/>\nAm Ende setzte sich im A-Turnier in einem spannenden Finale\u00a0 Daniel Menzel (1. BV G\u00f6rlitz) gegen Florian Bothung (SG Robur Zittau) durch.<br \/>\nDritter wurde hier Eduard Terentev (MSV Bautzen) vor Sebastian Menzel (1.BV G\u00f6rlitz). <\/span><\/span><\/p>\n<p style=\"text-align: justify;\"><span style=\"font-size: 16px; color: #000000;\"><span style=\"font-family: times new roman,times,serif;\">Im B-Turnier siegte Vincent Richter aus Bautzen vor Sebastian Haupt vom TSV Gro\u00dfhennersdorf.<br \/>\nDen dritten Platz sichert sich hier Leon Lemle (MSV Bautzen) vor Jens B\u00f6hm (TSV Gro\u00dfsch\u00f6nau). <\/span><\/span><\/p>\n<p style=\"text-align: justify;\"><span style=\"font-size: 16px; color: #000000;\"><span style=\"font-family: times new roman,times,serif;\">Die Damen ermittelten ihre Meister im Doppel im Einfach-k.o.-System.<br \/>\nAm Ende gewannen nach einem spannenden Dreisatzfinalspiel Heike Adam\/Steffi Leniok (TSV Gro\u00dfsch\u00f6nau) vor<br \/>\nGudrun Lenke\/Annelene Behr (MSV Bautzen). Die dritten Pl\u00e4tze belegten Rosalin Reichel\/Fei Xie (1.BV G\u00f6rlitz\/MSV Bautzen 04)<br \/>\nund Laura Bode\/Marlen Radunsky (BV Sohland). <\/span><\/span><\/p>\n<p style=\"text-align: justify;\"><span style=\"font-size: 16px; color: #000000;\"><span style=\"font-family: times new roman,times,serif;\">Die Herrendoppel wurden ebenfalls im Einfach-k.o.-System gespielt.<br \/>\nAufgrund der relativ ausgeglichenen Leistungsst\u00e4rke gab es hier spannende Spiele um das Weiterkommen in die n\u00e4chste Runde.<br \/>\nAm Ende standen sich im Finale Daniel Menzel\/Erik Putschke (1.BV G\u00f6rlitz) und<br \/>\nSebastian Menzel\/Florian Bothung (1.BV G\u00f6rlitz\/SG Robur Zittau) gegen\u00fcber, welches dann Daniel und Erik knapp in 2 S\u00e4tzen f\u00fcr sich entscheiden konnten.<br \/>\nJeweils Dritte wurden hier Frank Adam\/Jens B\u00f6hm (TSV Gro\u00dfsch\u00f6nau) sowie Eduard Terentev\/Matthias Schuster (MSV Bautzen).<\/span><\/span><\/p>\n<p style=\"text-align: justify;\"><span style=\"font-size: 16px; color: #000000;\"><span style=\"font-family: times new roman,times,serif;\">Bei den Jungs AK u9 war an diesem Tage Simon Schwarze (BV Sohland) nicht zu schlagen.<br \/>\nEr gewann alle seine Spiele und wurde verdient Turniersieger. Zweiter wurde Tizian Schuster (MSV Bautzen) vor Lenard Herschel ebenfalls aus Sohland. <\/span><\/span><\/p>\n<p style=\"text-align: justify;\"><span style=\"font-size: 16px; color: #000000;\"><span style=\"font-family: times new roman,times,serif;\">Bei den M\u00e4dchen kam die Siegerin aus Gro\u00dfsch\u00f6nau. Lina Lesniok konnte sich im Endspiel ganz knapp gegen Amelie Behr aus Bautzen durchsetzen.<\/span><\/span><\/p>\n<p style=\"text-align: justify;\"><span style=\"font-size: 16px; color: #000000;\"><span style=\"font-family: times new roman,times,serif;\">Am Ende eines langen Wettkampftages nahmen dann die verdienten Sieger und Platzierten ihre Pokale und Urkunden entgegen.<\/span><\/span><\/p>\n<p style=\"text-align: justify;\"><span style=\"font-size: 16px; color: #000000;\"><span style=\"font-family: times new roman,times,serif;\">Im Anschluss an die Siegerehrung der REM \/ RRL wurden noch die Sieger der Gesamtwertung der RRL u9 und Aktiven der Saison 2018 geehrt.<br \/>\nDie Gesamtwertung der Damen Aktive gewann Laura Bode (BV Sohland) vor Annelene Behr und Fei Xie(beide MSV Bautzen). <\/span><\/span><\/p>\n<p style=\"text-align: justify;\"><span style=\"font-size: 16px; color: #000000;\"><span style=\"font-family: times new roman,times,serif;\">Bei den Herren-A setzte sich der Vorjahrssieger Eduard Terentev (MSV Bautzen 04) vor Florian Bothung (SG Robur Zittau)<br \/>\nund Daniel Menzel (1.BV G\u00f6rlitz) durch. <\/span><\/span><\/p>\n<p style=\"text-align: justify;\"><span style=\"font-size: 16px; color: #000000;\"><span style=\"font-family: times new roman,times,serif;\">Die Herren-B-Konkurrenz konnte Vincent Richter (MSV Bautzen) vor Jens B\u00f6hm (TSV Gro\u00dfsch\u00f6nau) und Leon Lemle (MSV Bautzen) f\u00fcr sich entscheiden.<\/span><\/span><\/p>\n<p style=\"text-align: justify;\"><span style=\"font-size: 16px; color: #000000;\"><span style=\"font-family: times new roman,times,serif;\">In der AK u9 gewann bei den M\u00e4dchen Lina Lesniok aus Gro\u00dfsch\u00f6nau die Gesamtrangliste.<br \/>\nZweite wurde Amelie Behr aus Bautzen vor Matilda Rolle aus Sohland.<\/span><\/span><\/p>\n<p style=\"text-align: justify;\"><span style=\"font-size: 16px; color: #000000;\"><span style=\"font-family: times new roman,times,serif;\">Bei den Jungs kam der Sieger aus Sohland. Simon Schwarze siegte vor dem Bautzener Tizian Schuster und seinem Sohl\u00e4nder Mannschaftskameraden Lenard Herschel.<\/span><\/span><\/p>\n<p style=\"text-align: justify;\"><span style=\"font-size: 16px; color: #000000;\"><span style=\"font-family: times new roman,times,serif;\">Herzlichen Gl\u00fcckwunsch an alle Sieger und Platzierten.<\/span><\/span><\/p>\n<p><span style=\"color: #000000;\"><strong><span style=\"font-size: 16px;\"><span style=\"font-family: times new roman,times,serif;\">Frank Adam<br \/>\n<\/span><\/span><\/strong><\/span><span style=\"color: #000000;\"><strong><span style=\"font-size: 16px;\"><span style=\"font-family: times new roman,times,serif;\">-TSV Gro\u00dfsch\u00f6nau-<\/span><\/span><\/strong><\/span><\/p>\n<p>&nbsp;<\/p>\n<p>&nbsp;<\/p>\n<p>&nbsp;<\/p>\n<p>&nbsp;<\/p>\n<p>&nbsp;<\/p>\n","protected":false},"excerpt":{"rendered":"<p>Ergebnisse bei KROTON \u00a0\u00a0\u00a0 [klick hier] Bildergalerie:\u00a0\u00a0\u00a0\u00a0\u00a0 \u00a0 \u00a0 \u00a0 \u00a0 \u00a0 \u00a0 \u00a0 \u00a0 \u00a0\u00a0 [klick hier] Einzelergebnisse REM:\u00a0\u00a0\u00a0\u00a0 \u00a0\u00a0 [klick hier] &nbsp; &nbsp; &nbsp; &nbsp; Die\u00a0 3. Regionalrangliste&#8230;<\/p>\n<p class=\"more-link-wrap\"><a href=\"https:\/\/rvo.wiese-jens.de\/?p=180\" class=\"more-link\">Read More<span class=\"screen-reader-text\"> &ldquo;Bericht  3.RRL U9 und REM der Aktiven am 24.11.2018 in Gro\u00dfsch\u00f6nau&rdquo;<\/span> &raquo;<\/a><\/p>\n","protected":false},"author":13,"featured_media":0,"comment_status":"open","ping_status":"open","sticky":false,"template":"","format":"standard","meta":{"footnotes":""},"categories":[2],"tags":[],"class_list":["post-180","post","type-post","status-publish","format-standard","hentry","category-allgemein"],"_links":{"self":[{"href":"https:\/\/rvo.wiese-jens.de\/index.php?rest_route=\/wp\/v2\/posts\/180","targetHints":{"allow":["GET"]}}],"collection":[{"href":"https:\/\/rvo.wiese-jens.de\/index.php?rest_route=\/wp\/v2\/posts"}],"about":[{"href":"https:\/\/rvo.wiese-jens.de\/index.php?rest_route=\/wp\/v2\/types\/post"}],"author":[{"embeddable":true,"href":"https:\/\/rvo.wiese-jens.de\/index.php?rest_route=\/wp\/v2\/users\/13"}],"replies":[{"embeddable":true,"href":"https:\/\/rvo.wiese-jens.de\/index.php?rest_route=%2Fwp%2Fv2%2Fcomments&post=180"}],"version-history":[{"count":0,"href":"https:\/\/rvo.wiese-jens.de\/index.php?rest_route=\/wp\/v2\/posts\/180\/revisions"}],"wp:attachment":[{"href":"https:\/\/rvo.wiese-jens.de\/index.php?rest_route=%2Fwp%2Fv2%2Fmedia&parent=180"}],"wp:term":[{"taxonomy":"category","embeddable":true,"href":"https:\/\/rvo.wiese-jens.de\/index.php?rest_route=%2Fwp%2Fv2%2Fcategories&post=180"},{"taxonomy":"post_tag","embeddable":true,"href":"https:\/\/rvo.wiese-jens.de\/index.php?rest_route=%2Fwp%2Fv2%2Ftags&post=180"}],"curies":[{"name":"wp","href":"https:\/\/api.w.org\/{rel}","templated":true}]}}