{"id":181,"date":"2018-12-08T12:09:00","date_gmt":"2018-12-08T11:09:00","guid":{"rendered":"https:\/\/rvo.bvsachsen.de\/wp\/wordpress\/2018\/12\/08\/2018-12-08-rrlu13u19-2\/"},"modified":"2018-12-08T12:09:00","modified_gmt":"2018-12-08T11:09:00","slug":"2018-12-08-rrlu13u19-2","status":"publish","type":"post","link":"https:\/\/rvo.wiese-jens.de\/?p=181","title":{"rendered":"Bericht  3.RRL U13\/U19 am 08.12.2018 in Sohland"},"content":{"rendered":"<table style=\"width: 84.0794%; height: 163px;\" border=\"0\" width=\"598\" cellspacing=\"1\" cellpadding=\"1\" align=\"left\">\n<tbody>\n<tr style=\"height: 163px;\">\n<td style=\"text-align: right; vertical-align: middle; width: 173px; height: 163px;\"><span style=\"font-size: 14px;\"><span style=\"font-family: times new roman,times,serif;\"><a href=\"https:\/\/photos.app.goo.gl\/KjqJrBGwd6mBubh46\"><img fetchpriority=\"high\" decoding=\"async\" style=\"float: left;\" src=\"https:\/\/lh3.googleusercontent.com\/-00VGEOkE1Cvem8xyESAz8dPbVmE7HJCNQA5cEfKkd_y1ZA4NNUVIpIJDrUWc5nYq7iGGnLvaUy1fOIHCPaaiVb2gKulU_pT4PybXGPkrc9YTJDSx4z90WRkxGKFQ_P6Ld-NAs-opVAN-TdK-6xO7RMjbVgWP6uH0mVc8Z9V0GPEhK_OrUJRxcsot_5RbLO3CUF0yiC-3PfmUg6od77If3T9rPiEvOwH2ophD9ld87Y1AhbK4nDTjexMo3Bg6q8pwzkJfJz_hQx_sqUOAfT9uZF-cyucnQUd2o046IIGmqrWpKEfPjL-QO-MKfhjWiyyd4Stn70Pt_3mZ7r26Zskf7j54RFVgorlLREFC4z0v6cnjuB5bhR11Kpve8R4w5iUnsVQ6GZ9U4naAIgV-uNtMAqnd0ndnMClWvUQ-Qm3yD235KoVpGPKuPjIocD5_cwqoPR-HGc-97m8PzkEaku4R-69Qra7zBnbBmPSzGupEV9tBY_dZp4HcdfK8rsAYdT5XJbxYu7AElXetr1yYEJKi-dcKRyV8D8Oisx9o374xIDUt1Y_OZ8njJpXG0kuWixIWDDaU6tl21yLt3hzTmjeE2dYBqrQdelJNF0e23mO8LIcP_1gpTiUDKWlC-pDw1osSXr8sO9gVCNIX-gIig_h-nOPFTkEM1fIHe3b3DLqgFXbGUN6p4HpU8j5U1vMoovhkrbM1XWe4htDF2679Q=w718-h404-no\" alt=\"\" width=\"305\" height=\"188\" \/><\/a><\/span><\/span><\/td>\n<td style=\"width: 315px; height: 163px;\">\n<p style=\"margin-right: 40px; margin-left: 40px;\"><span style=\"font-size: 16px;\"><span style=\"font-family: times new roman,times,serif;\"><strong><span style=\"color: #000000;\">Ergebnisse bei KROTON \u00a0\u00a0\u00a0 <a href=\"https:\/\/dbv.turnier.de\/sport\/winners.aspx?id=cd1a6b75-4f21-49c9-8f03-fd0398967df4\" target=\"_blank\" rel=\"noopener\">[<br \/>\nklick hier]<\/a><br \/>\n<\/span><\/strong><\/span><span style=\"font-family: times new roman,times,serif;\"><strong><span style=\"color: #000000;\">Bildergalerie:<br \/>\n<a href=\"https:\/\/photos.app.goo.gl\/KjqJrBGwd6mBubh46\" target=\"_blank\" rel=\"noopener\">[klick hier]<\/a> <\/span><\/strong><\/span><\/span><\/p>\n<\/td>\n<\/tr>\n<\/tbody>\n<\/table>\n<p>&nbsp;<\/p>\n<p>&nbsp;<\/p>\n<p>&nbsp;<\/p>\n<p><span style=\"font-size: 16px; color: #000000;\"><span style=\"font-family: times\\ new\\ roman, times, serif;\">nun war es auch f\u00fcr die AK U13 und U19 soweit. Am 08.12.2018 mussten sie ihr K\u00f6nnen bei<br \/>\nder 3. RRL 2018\/2019 in Sohland unter <strong><span style=\"font-size: 16px;\"><span style=\"font-family: times\\ new\\ roman, times, serif;\">B<\/span><\/span><\/strong>eweis stellen. Ausserdem war es die letzte Rangliste 2018,<br \/>\ndie \u00fcber den Gesamtsieg entschied<\/span><\/span><\/p>\n<p><span style=\"font-size: 16px; color: #000000;\"><span style=\"font-family: times\\ new\\ roman, times, serif;\">Hier ein <span style=\"font-size: 16px;\"><span style=\"font-family: times\\ new\\ roman, times, serif;\">B<\/span><\/span>ericht des Veranstalters:<\/span><\/span><\/p>\n<p><span style=\"color: #000000;\"><!--more--><\/span><\/p>\n<p><span style=\"font-size: 16px; color: #000000;\"><span style=\"font-family: times new roman,times,serif;\">Am 08.12.2018 ging es zur 3. und letzten RRL der lfd. Saison der Altersklassen u13 und u19 in die Oberland-Sporthalle nach Sohland\/Spree.<br \/>\nAngetreten sind insgesamt 31 Badminton-Kids aus Bautzen, G\u00f6rlitz, Zittau, Gro\u00dfsch\u00f6nau, Wei\u00dfwasser und Sohland.<br \/>\nNeben den Einzeln wurde in beiden Altersklassen Mixed gespielt.<\/span><\/span><\/p>\n<p><span style=\"font-size: 16px; color: #000000;\"><span style=\"font-family: times new roman,times,serif;\">Die Einzel-Disziplinen wurden im Doppel-KO-, die MX-Konkurrenzen im Einzel-KO-System ausgespielt.<\/span><\/span><\/p>\n<p><span style=\"font-size: 16px; color: #000000;\"><span style=\"font-family: times new roman,times,serif;\">In den Konkurrenzen der Altersklasse u13 gab es keine gro\u00dfen \u00dcberraschungen. Die topgesetzten Spieler bestritten jeweils die Finals. <\/span><\/span><\/p>\n<p><span style=\"font-size: 16px; color: #000000;\"><span style=\"font-family: times new roman,times,serif;\">Bei den Jungen setzte sich Hardy Behnsch (SV Gr\u00fcn-Wei\u00df Wei\u00dfwasser) gegen Tim Pietschmann (TSV Gro\u00dfsch\u00f6nau) durch.<br \/>\nDritter wurde Cedric Domeier vom MSV Bautzen. <\/span><\/span><\/p>\n<p><span style=\"font-size: 16px; color: #000000;\"><span style=\"font-family: times new roman,times,serif;\">Bei den M\u00e4dchen gewann Alia Quarte (SV Gr\u00fcn-Wei\u00df Wei\u00dfwasser), die sich im Finale gegen Laurien Schneider (TSV Gro\u00dfsch\u00f6nau) durchsetzte.<br \/>\nIm Spiel um Platz 3 gewann Cora Dutschmann (MSV Bautzen) gegen Sandra Kr\u00fcger (SG Robur Zittau).<\/span><\/span><\/p>\n<p><span style=\"font-size: 16px; color: #000000;\"><span style=\"font-family: times new roman,times,serif;\">Im Mixed gewann die Paarung Behnsch\/Quarte (SV Gr\u00fcn-Wei\u00df Wei\u00dfwasser) vor Pietschmann\/Schneider (TSV Gro\u00dfsch\u00f6nau).<br \/>\nDritte wurden jeweils Block\/Bendel und Domeier\/Dutschmann (beide MSV Bautzen).<\/span><\/span><\/p>\n<p><span style=\"font-size: 16px; color: #000000;\"><span style=\"font-family: times new roman,times,serif;\">Sieger im HE u19 wurde, doch etwas \u00fcberraschend, Leon Lemle (MSV Bautzen), der das Finale gegen Erik Putschke (BV G\u00f6rlitz) in 2 knappen S\u00e4tzen gewann.<br \/>\nDas Spiel um Platz 3 konnte Vincent Richter (MSV Bautzen) gegen Tim Claus (TSV Gro\u00dfsch\u00f6nau) f\u00fcr sich entscheiden. <\/span><\/span><\/p>\n<p><span style=\"font-size: 16px; color: #000000;\"><span style=\"font-family: times new roman,times,serif;\">Siegerin im DE u19 wurde Laura Bode (BV Sohland), Zweite wurde Rosalin Reichel (BV G\u00f6rlitz), Dritte Helena Kr\u00fcger (SG Robur Zittau).<\/span><\/span><\/p>\n<p><span style=\"font-size: 16px; color: #000000;\"><span style=\"font-family: times new roman,times,serif;\">Sieger im Mixed u19 wurden Lemle\/R\u00e4tze (MSV Bautzen), gefolgt von Richter\/Pilop (MSV Bautzen) auf Platz 2<br \/>\nsowie Domeier\/Schubert (MSV Bautzen\/SG Robur Zittau) und Claus\/Bode (TSV Gro\u00dfsch\u00f6nau\/BV Sohland) auf Platz 3.<\/span><\/span><\/p>\n<p><span style=\"font-size: 16px; color: #000000;\"><span style=\"font-family: times new roman,times,serif;\">Nach 57 Spielen war es geschafft und alle Sieger\/innen wurden geehrt. Im Anschluss daran f\u00fchrte unser Kinder- und Jugendwart Frank Adam noch die Siegerehrung der Abschluss-RRL u13 und u19 durch.<\/span><\/span><\/p>\n<p>&nbsp;<\/p>\n<p><span style=\"font-size: 16px; color: #000000;\"><span style=\"font-family: times new roman,times,serif;\">ME u13:<\/span><\/span><\/p>\n<p><span style=\"font-size: 16px; color: #000000;\"><span style=\"font-family: times new roman,times,serif;\">1.\u00a0\u00a0\u00a0\u00a0\u00a0 Laurien Schneider (TSV Gro\u00dfsch\u00f6nau)<\/span><\/span><\/p>\n<p><span style=\"font-size: 16px; color: #000000;\"><span style=\"font-family: times new roman,times,serif;\">2.\u00a0\u00a0\u00a0\u00a0\u00a0 Alia Quarte (SV Gr\u00fcn-Wei\u00df Wei\u00dfwasser)<\/span><\/span><\/p>\n<p><span style=\"font-size: 16px; color: #000000;\"><span style=\"font-family: times new roman,times,serif;\">3.\u00a0\u00a0\u00a0\u00a0\u00a0 Cora Dutschmann (MSV Bautzen)<\/span><\/span><\/p>\n<p><span style=\"font-size: 16px; color: #000000;\"><span style=\"font-family: times new roman,times,serif;\">JE u13:<\/span><\/span><\/p>\n<p><span style=\"font-size: 16px; color: #000000;\"><span style=\"font-family: times new roman,times,serif;\">1.\u00a0\u00a0\u00a0\u00a0\u00a0 Hardy Behnsch (SV Gr\u00fcn-Wei\u00df Wei\u00dfwasser)<\/span><\/span><\/p>\n<p><span style=\"font-size: 16px; color: #000000;\"><span style=\"font-family: times new roman,times,serif;\">2.\u00a0\u00a0\u00a0\u00a0\u00a0 Tim Pietschmann (TSV Gro\u00dfsch\u00f6nau)<\/span><\/span><\/p>\n<p><span style=\"font-size: 16px; color: #000000;\"><span style=\"font-family: times new roman,times,serif;\">3.\u00a0\u00a0\u00a0\u00a0\u00a0 Cedric Domeier (MSV Bautzen)<\/span><\/span><\/p>\n<p><span style=\"font-size: 16px; color: #000000;\"><span style=\"font-family: times new roman,times,serif;\">DE u19:<\/span><\/span><\/p>\n<p><span style=\"font-size: 16px; color: #000000;\"><span style=\"font-family: times new roman,times,serif;\">1.\u00a0\u00a0\u00a0\u00a0\u00a0 Laura Bode (BV Sohland)<\/span><\/span><\/p>\n<p><span style=\"font-size: 16px; color: #000000;\"><span style=\"font-family: times new roman,times,serif;\">2.\u00a0\u00a0\u00a0\u00a0\u00a0 Rosalin Reichel (BV G\u00f6rlitz)<\/span><\/span><\/p>\n<p><span style=\"font-size: 16px; color: #000000;\"><span style=\"font-family: times new roman,times,serif;\">3.\u00a0\u00a0\u00a0\u00a0\u00a0 Yasmin Schubert (SG Robur Zittau)<\/span><\/span><\/p>\n<p><span style=\"font-size: 16px; color: #000000;\"><span style=\"font-family: times new roman,times,serif;\">HE u19:<\/span><\/span><\/p>\n<p><span style=\"font-size: 16px; color: #000000;\"><span style=\"font-family: times new roman,times,serif;\">1.\u00a0\u00a0\u00a0\u00a0\u00a0 Vincent Richter (MSV Bautzen)<\/span><\/span><\/p>\n<p><span style=\"font-size: 16px; color: #000000;\"><span style=\"font-family: times new roman,times,serif;\">2.\u00a0\u00a0\u00a0\u00a0\u00a0 Daniel Menzel (BV G\u00f6rlitz)<\/span><\/span><\/p>\n<p><span style=\"font-size: 16px; color: #000000;\"><span style=\"font-family: times new roman,times,serif;\">3.\u00a0\u00a0\u00a0\u00a0\u00a0 Leon Lemle (MSV Bautzen)<\/span><\/span><\/p>\n<p>&nbsp;<\/p>\n<p><span style=\"font-size: 16px; color: #000000;\"><span style=\"font-family: times new roman,times,serif;\">Wir haben sch\u00f6ne und umk\u00e4mpfte sowie tr\u00e4nen- &amp; schwei\u00dfreiche Spiele gesehen.<br \/>\nHerzlichen Gl\u00fcckwunsch an alle Gewinner und Platzierten!! <\/span><\/span><\/p>\n<p><span style=\"font-size: 16px; color: #000000;\"><span style=\"font-family: times new roman,times,serif;\">Wir w\u00fcnschen allen eine besinnliche Adventszeit, einen flei\u00dfigen Weihnachtsmann und einen guten Rutsch ins neue Jahr 2019.<\/span><\/span><\/p>\n<p>&nbsp;<\/p>\n<p>&nbsp;<\/p>\n<p>&nbsp;<\/p>\n<p>&nbsp;<\/p>\n<p>&nbsp;<\/p>\n","protected":false},"excerpt":{"rendered":"<p>Ergebnisse bei KROTON \u00a0\u00a0\u00a0 [ klick hier] Bildergalerie: [klick hier] &nbsp; &nbsp; &nbsp; nun war es auch f\u00fcr die AK U13 und U19 soweit. Am 08.12.2018 mussten sie ihr K\u00f6nnen&#8230;<\/p>\n<p class=\"more-link-wrap\"><a href=\"https:\/\/rvo.wiese-jens.de\/?p=181\" class=\"more-link\">Read More<span class=\"screen-reader-text\"> &ldquo;Bericht  3.RRL U13\/U19 am 08.12.2018 in Sohland&rdquo;<\/span> &raquo;<\/a><\/p>\n","protected":false},"author":14,"featured_media":0,"comment_status":"open","ping_status":"open","sticky":false,"template":"","format":"standard","meta":{"footnotes":""},"categories":[2],"tags":[],"class_list":["post-181","post","type-post","status-publish","format-standard","hentry","category-allgemein"],"_links":{"self":[{"href":"https:\/\/rvo.wiese-jens.de\/index.php?rest_route=\/wp\/v2\/posts\/181","targetHints":{"allow":["GET"]}}],"collection":[{"href":"https:\/\/rvo.wiese-jens.de\/index.php?rest_route=\/wp\/v2\/posts"}],"about":[{"href":"https:\/\/rvo.wiese-jens.de\/index.php?rest_route=\/wp\/v2\/types\/post"}],"author":[{"embeddable":true,"href":"https:\/\/rvo.wiese-jens.de\/index.php?rest_route=\/wp\/v2\/users\/14"}],"replies":[{"embeddable":true,"href":"https:\/\/rvo.wiese-jens.de\/index.php?rest_route=%2Fwp%2Fv2%2Fcomments&post=181"}],"version-history":[{"count":0,"href":"https:\/\/rvo.wiese-jens.de\/index.php?rest_route=\/wp\/v2\/posts\/181\/revisions"}],"wp:attachment":[{"href":"https:\/\/rvo.wiese-jens.de\/index.php?rest_route=%2Fwp%2Fv2%2Fmedia&parent=181"}],"wp:term":[{"taxonomy":"category","embeddable":true,"href":"https:\/\/rvo.wiese-jens.de\/index.php?rest_route=%2Fwp%2Fv2%2Fcategories&post=181"},{"taxonomy":"post_tag","embeddable":true,"href":"https:\/\/rvo.wiese-jens.de\/index.php?rest_route=%2Fwp%2Fv2%2Ftags&post=181"}],"curies":[{"name":"wp","href":"https:\/\/api.w.org\/{rel}","templated":true}]}}