{"id":188,"date":"2019-04-10T15:33:00","date_gmt":"2019-04-10T13:33:00","guid":{"rendered":"https:\/\/rvo.bvsachsen.de\/wp\/wordpress\/2019\/04\/10\/2019-06-04-1-rrl-u9-aktive-wsw\/"},"modified":"2019-04-10T15:33:00","modified_gmt":"2019-04-10T13:33:00","slug":"2019-06-04-1-rrl-u9-aktive-wsw","status":"publish","type":"post","link":"https:\/\/rvo.wiese-jens.de\/?p=188","title":{"rendered":"Bericht 1.RRL U9+Aktive am 06.04.2019 in Wei\u00dfwasser"},"content":{"rendered":"<table style=\"width: 99.2402%; height: 138px;\" border=\"0\" width=\"733\" cellspacing=\"1\" cellpadding=\"1\" align=\"left\">\n<tbody>\n<tr style=\"height: 182px;\">\n<td style=\"text-align: right; vertical-align: middle; width: 42.449%; height: 138px;\"><span style=\"font-size: 16px;\"><span style=\"font-family: times new roman,times,serif;\"><a href=\"https:\/\/photos.app.goo.gl\/ogkt9NLv2RSyfzsF8\" target=\"_blank\" rel=\"noopener\"><img fetchpriority=\"high\" decoding=\"async\" class=\"alignnone\" src=\"https:\/\/lh3.googleusercontent.com\/pw\/AP1GczMIFQjlQXiLt5yU-ntq8DwWxJobWpRUvSWWn9JDO3ycsknBi5Gb6XUgnHbiMyDoisdPS7bLxFwtLI55v4zPEH7AtIVXJ4Kdz5e8SB4afQzJh0km9hCJ9FkdNNBBTA6Vifo8xmQdglDU394bOhS3rBL0=w1545-h869-s-no?authuser=0\" alt=\"\" width=\"1545\" height=\"869\" \/><\/a><\/span><\/span><\/td>\n<td style=\"width: 59.0476%; height: 138px;\">\n<p style=\"margin-right: 40px; margin-left: 40px;\"><span style=\"font-size: 16px;\"><span style=\"font-family: times new roman,times,serif;\"><strong><span style=\"color: #000000;\">Ergebnisse bei KROTON<br \/>\n<a href=\"https:\/\/dbv.turnier.de\/sport\/winners.aspx?id=ad5223d8-2b70-41df-a47a-0dc40b9ef9ad\" target=\"_blank\" rel=\"noopener\">[klick hier]<\/a> <\/span><\/strong><\/span><\/span><\/p>\n<p style=\"margin-right: 40px; margin-left: 40px;\"><span style=\"font-size: 16px;\"><span style=\"font-family: times new roman,times,serif;\"><strong><span style=\"color: #000000;\">Bildergalerie:<br \/>\n<a href=\"https:\/\/photos.app.goo.gl\/ogkt9NLv2RSyfzsF8\" target=\"_blank\" rel=\"noopener\">[klick hier]<\/a> <\/span><\/strong><\/span><\/span><\/p>\n<p style=\"margin-right: 40px; margin-left: 40px;\"><span style=\"font-size: 16px;\"><span style=\"font-family: times new roman,times,serif;\"><strong><span style=\"color: #000000;\">\u00a0 \u00a0 \u00a0 \u00a0 \u00a0<\/span><\/strong><\/span><\/span><\/p>\n<\/td>\n<\/tr>\n<\/tbody>\n<\/table>\n<p><span style=\"color: #000000;\"><span style=\"font-size: 16px;\"><span style=\"font-family: times new roman,times,serif;\">Am 06.04.2019 fand in Wei\u00dfwasser die 1. RRL in der U9 und der Akiven statt<br \/>\n<\/span><\/span><span style=\"font-size: 16px;\"><span style=\"font-family: times new roman,times,serif;\">Hier ein bericht des Veranstalters: <\/span><\/span><\/span><\/p>\n<p><span style=\"color: #000000;\"><!--more--><\/span><\/p>\n<p><span style=\"font-size: 16px; color: #000000;\"><span style=\"font-family: times new roman,times,serif;\"><strong><u>Bericht von der 1.RRL U9 und Aktive in Wei\u00dfwasser<\/u><\/strong><\/span><\/span><\/p>\n<p><span style=\"font-size: 16px; color: #000000;\"><span style=\"font-family: times new roman,times,serif;\">Zur ersten Rangliste der Aktiven und der U9 im Jahr 2019 trafen sich am 06.04. Badmintonsportler<br \/>\naus Bautzen, G\u00f6rlitz, Gro\u00dfsch\u00f6nau, Sohland, Wei\u00dfwasser und Zittau in Wei\u00dfwasser.<\/span><\/span><\/p>\n<p><span style=\"font-size: 16px; color: #000000;\"><span style=\"font-family: times new roman,times,serif;\">Mit insgesamt 24 Startern bei den Aktiven und 5 bei der U9 war das Starterfeld recht \u00fcbersichtlich.<\/span><\/span><\/p>\n<p><span style=\"font-size: 16px; color: #000000;\"><span style=\"font-family: times new roman,times,serif;\">Nach der Er\u00f6ffnung ergriff Sportwart Peter Berger das Wort und \u00fcberreichte der Siegermannschaft<br \/>\nder letzten Punktspielsaison, dem SV Gr\u00fcn-Wei\u00df Wei\u00dfwasser, den Meisterpokal und die Siegerurkunde.<br \/>\nUrkunden erhielten auch die zweit- und drittplatzierten Mannschaften.<br \/>\nAnschlie\u00dfend bedankte er sich f\u00fcr den reibungslosen Ablauf des Punktspielbetriebes bei allen Vereinen.<\/span><\/span><\/p>\n<p><span style=\"font-size: 16px; color: #000000;\"><span style=\"font-family: times new roman,times,serif;\">Dann gings endlich los. Gespielt wurden nur Einzel. Die vier Jungen der U9 spielten im Gruppensystem.<br \/>\nHier setzte sich Raphael Weise (Bautzen) vor Max Radunsky und Hannes Schwarze (beide Sohland) durch.<br \/>\nDen undankbaren 4. Platz erreichte Jakob Simmchen aus Bautzen.<\/span><\/span><\/p>\n<p><span style=\"font-size: 16px; color: #000000;\"><span style=\"font-family: times new roman,times,serif;\">Als einziges M\u00e4dchen in der U9 bekam Lina Lesniok sp\u00e4ter noch die Gelegenheit gegen die Jungs Ihrer Altersklasse ohne Wertung zu spielen.<br \/>\nDabei lehrte sie den Jungs das F\u00fcrchten und gewann alle Spiele !!!<\/span><\/span><\/p>\n<p><span style=\"font-size: 16px; color: #000000;\"><span style=\"font-family: times new roman,times,serif;\">Die \u201eGro\u00dfen\u201c spielten im Doppel-KO-System. Da ging es ebenfalls hoch her. Viele Spiele waren hei\u00df umk\u00e4mpft und<br \/>\ndie Entscheidungen fielen erst in der Verl\u00e4ngerung oder erst nach 3 S\u00e4tzen.<\/span><\/span><\/p>\n<p><span style=\"font-size: 16px; color: #000000;\"><span style=\"font-family: times new roman,times,serif;\">Bei den Damen gewann Laura Bode aus Sohland vor Paula Pilop aus Bautzen und Helena Kr\u00fcger aus Zittau.<\/span><\/span><\/p>\n<p><span style=\"font-size: 16px; color: #000000;\"><span style=\"font-family: times new roman,times,serif;\">Die Herrenkonkurrenz wurde in einer A- und B-Turniergruppe ausgetragen. <\/span><\/span><\/p>\n<p><span style=\"font-size: 16px; color: #000000;\"><span style=\"font-family: times new roman,times,serif;\">Bei den Herren der Gruppe A siegte der Gast aus F\u00fcrstenwalde Jakob Balzer vor<br \/>\nStefan Przymosinski vom gastgebenden Verein aus Wei\u00dfwasser und dem Bautzner Leon Lemle.<\/span><\/span><\/p>\n<p><span style=\"font-size: 16px; color: #000000;\"><span style=\"font-family: times new roman,times,serif;\">Sieger der Gruppe B wurde wieder einmal Jens B\u00f6hm aus Gro\u00dfsch\u00f6nau vor Trung Nguyen aus Wei\u00dfwasser und Benjamin Domeier aus Bautzen.<\/span><\/span><\/p>\n<p><span style=\"font-size: 16px; color: #000000;\"><span style=\"font-family: times new roman,times,serif;\">Herzlichen Gl\u00fcckwunsch an die Sieger und Platzierten.<\/span><\/span><\/p>\n<p><span style=\"font-size: 16px; color: #000000;\"><span style=\"font-family: times new roman,times,serif;\">Der SV Gr\u00fcn-wei\u00df Wei\u00dfwasser m\u00f6chte sich bei allen Spielern und Betreuern f\u00fcr das gute Gelingen und die z\u00fcgige Durchf\u00fchrung des Turniers bedanken.<\/span><\/span><\/p>\n<p><span style=\"font-size: 16px; color: #000000;\"><span style=\"font-family: times new roman,times,serif;\"><strong>Thomas Binkofski<br \/>\n<\/strong><\/span><\/span><span style=\"font-size: 16px; color: #000000;\"><span style=\"font-family: times new roman,times,serif;\"><strong>-SV Gr\u00fcn-Wei\u00df Wei\u00dfwasser, Abteilung Badminton<\/strong><\/span><\/span><\/p>\n","protected":false},"excerpt":{"rendered":"<p>Ergebnisse bei KROTON [klick hier] Bildergalerie: [klick hier] \u00a0 \u00a0 \u00a0 \u00a0 \u00a0 Am 06.04.2019 fand in Wei\u00dfwasser die 1. RRL in der U9 und der Akiven statt Hier ein&#8230;<\/p>\n<p class=\"more-link-wrap\"><a href=\"https:\/\/rvo.wiese-jens.de\/?p=188\" class=\"more-link\">Read More<span class=\"screen-reader-text\"> &ldquo;Bericht 1.RRL U9+Aktive am 06.04.2019 in Wei\u00dfwasser&rdquo;<\/span> &raquo;<\/a><\/p>\n","protected":false},"author":16,"featured_media":0,"comment_status":"open","ping_status":"open","sticky":false,"template":"","format":"standard","meta":{"footnotes":""},"categories":[3],"tags":[],"class_list":["post-188","post","type-post","status-publish","format-standard","hentry","category-berichte"],"_links":{"self":[{"href":"https:\/\/rvo.wiese-jens.de\/index.php?rest_route=\/wp\/v2\/posts\/188","targetHints":{"allow":["GET"]}}],"collection":[{"href":"https:\/\/rvo.wiese-jens.de\/index.php?rest_route=\/wp\/v2\/posts"}],"about":[{"href":"https:\/\/rvo.wiese-jens.de\/index.php?rest_route=\/wp\/v2\/types\/post"}],"author":[{"embeddable":true,"href":"https:\/\/rvo.wiese-jens.de\/index.php?rest_route=\/wp\/v2\/users\/16"}],"replies":[{"embeddable":true,"href":"https:\/\/rvo.wiese-jens.de\/index.php?rest_route=%2Fwp%2Fv2%2Fcomments&post=188"}],"version-history":[{"count":0,"href":"https:\/\/rvo.wiese-jens.de\/index.php?rest_route=\/wp\/v2\/posts\/188\/revisions"}],"wp:attachment":[{"href":"https:\/\/rvo.wiese-jens.de\/index.php?rest_route=%2Fwp%2Fv2%2Fmedia&parent=188"}],"wp:term":[{"taxonomy":"category","embeddable":true,"href":"https:\/\/rvo.wiese-jens.de\/index.php?rest_route=%2Fwp%2Fv2%2Fcategories&post=188"},{"taxonomy":"post_tag","embeddable":true,"href":"https:\/\/rvo.wiese-jens.de\/index.php?rest_route=%2Fwp%2Fv2%2Ftags&post=188"}],"curies":[{"name":"wp","href":"https:\/\/api.w.org\/{rel}","templated":true}]}}