{"id":189,"date":"2019-04-17T09:00:00","date_gmt":"2019-04-17T07:00:00","guid":{"rendered":"https:\/\/rvo.bvsachsen.de\/wp\/wordpress\/2019\/04\/17\/2019-04-14-sichtung-glz\/"},"modified":"2019-04-17T09:00:00","modified_gmt":"2019-04-17T07:00:00","slug":"2019-04-14-sichtung-glz","status":"publish","type":"post","link":"https:\/\/rvo.wiese-jens.de\/?p=189","title":{"rendered":"Sichtungslehrgang U11 am 14.04.2019 in G\u00f6rlitz"},"content":{"rendered":"<table style=\"width: 96.6554%;\" border=\"0\" width=\"734\" cellspacing=\"1\" cellpadding=\"1\" align=\"left\">\n<tbody>\n<tr>\n<td style=\"text-align: right; vertical-align: middle; width: 47.0956%;\"><span style=\"font-size: 14px;\"><span style=\"font-family: times new roman,times,serif;\"><a href=\"https:\/\/photos.app.goo.gl\/dfKS2tqVqCBV7kXQ9\"><img fetchpriority=\"high\" decoding=\"async\" class=\"\" style=\"float: left;\" src=\"https:\/\/lh3.googleusercontent.com\/fvb-t6NbKLWCj8DbVdgBOmfH7o1_jpKtqFm3S2EiwrvHmTOdefVveWrRoxtXvNAHIsnyyBdxZs0OFzSmCbfepqH1__A2dLRcafK3oS_DW01VGaJSHC8__ZqRc22ZDrUtRj4PVLria7Ht0BGpaM0PEiR8_tDGrltP1aMALuPRibLwR91fFZmJZtSSyKceJgMlMfikD13A7YXHcmhrUKlck5T-deVPQICZyIgpo-XKDcdYDwvP-2sxkM2an2fp1YfPLZNAPGsRInSdMHSnRO7sd2MDu87Yut-UVC4XMUAhOooftM_i_CWVnDtJB1bxWf5NgcENWLeEdM-bog2dcJPyKaveenzb2XavLHzIJQTvZ5FpPnREak0RWDaXOxg4PBU5JP-N3iO9lYvGz3r6QZQajgwpkD-F7s6ZVwOy5hWmjKN6L2GxvT-417wWYBw56vzFJ2MHhfqRJtojxlvUC10ryEMBZgJM5UywnVmr5d2O5yqNRgpBz6LnTT55xnJM_o1eZiX6hTGlSPxsQdw1aWtzyCYHkgnY-KvWzYwmv1Sh2RnAMiAvbwgU3TowWWA0R5RIcju_pYFUNW16Jr7Ts0UXLzk_jfmLopGIsf0unVQ1PqjSOoLQ9fjdaJCGTOgGgOiobLB0sb-Bow231XN2XRLB5r-L7B7l-CvANradmyNAYFMrHBpxOroDz-wdC5mrjwYYr0vUfIvznil5vL28tLMFMrCq=w762-h449-no\" alt=\"\" width=\"332\" height=\"195\" \/><\/a><\/span><\/span><\/td>\n<td style=\"width: 50.0356%;\">\n<p style=\"margin-right: 40px; margin-left: 40px;\"><span style=\"font-size: 14px;\"><span style=\"font-family: times new roman,times,serif;\"><strong><span style=\"color: #000000;\"><\/p>\n<p>Bildergalerie:\u00a0\u00a0\u00a0\u00a0\u00a0 \u00a0 \u00a0\u00a0 <a href=\"https:\/\/photos.app.goo.gl\/dfKS2tqVqCBV7kXQ9\" target=\"_blank\" rel=\"noopener\">[klick hier]<\/a> <\/span><\/strong><\/span><\/span><\/p>\n<p style=\"margin-right: 40px; margin-left: 40px;\">\n<\/td>\n<\/tr>\n<\/tbody>\n<\/table>\n<p>&nbsp;<\/p>\n<p>&nbsp;<\/p>\n<p>&nbsp;<\/p>\n<p>&nbsp;<\/p>\n<p><span style=\"font-family: times new roman,times,serif;\"><span style=\"font-size: 16px;\">Am 14.04.2019 fand in G\u00f6rlitz ein Tages- und Sichtungslehrgang der Altersklassen U9\/U11 statt.<br \/>\nHier ein bericht von Kinder- und Jugendwart Frank Adam.<\/span><\/span><!--more--><\/p>\n<p><span style=\"font-size: 16px;\"><span style=\"font-family: times new roman,times,serif;\"><strong>BSV &#8211; Sichtungslehrgang u11 in G\u00f6rlitz<\/strong><\/span><\/span><\/p>\n<p><span style=\"font-size: 16px;\"><span style=\"font-family: times new roman,times,serif;\">Am 14.04.2019 fand der mittlerweile 7. Tageslehrgang des RVO in G\u00f6rlitz statt.<br \/>\nWie schon im letzten Jahr war der Lehrgang als dezentrale Sichtung u11 des BVS ausgeschrieben.<br \/>\nDiesmal wurden 16 M\u00e4dchen und Jungen aus verschiedenen Vereinen in den Altersklassen u9 \/ u11 eingeladen.<br \/>\nLeider musste ein M\u00e4dchen kurzfristig krankheitsbedingt absagen. <\/span><\/span><\/p>\n<p><span style=\"font-size: 16px;\"><span style=\"font-family: times new roman,times,serif;\">Die Spieler kamen aus Bautzen, Gro\u00dfsch\u00f6nau, Sohland, Gro\u00dfhennersdorf und Zittau. <\/span><\/span><br \/>\n<span style=\"font-size: 16px;\"><span style=\"font-family: times new roman,times,serif;\">Nat\u00fcrlich sollten auch die Heimtrainer an diesem Lehrgang teilnehmen, welche dann auch zusammen mit den Kids zahlreich (8 Trainer) erschienen.<br \/>\nCheftrainer an diesem Tage war, wie schon bei den letzten Lehrg\u00e4ngen, der aktuelle Sachsenligaspieler und BVS-Verbandstrainer u17\/u19 Stefan Adam. <\/span><\/span><\/p>\n<p><span style=\"font-size: 16px;\"><span style=\"font-family: times new roman,times,serif;\">P\u00fcnktlich 9.00 Uhr begann dann der Lehrgang mit einer kleinen Besprechung, bei der sich Spieler und Trainer kurz vorstellten.<br \/>\nNach einer kurzen Erw\u00e4rmung durch die Halle folgten die ersten \u00dcbungen des Tages.<br \/>\nAngefangen wurde mit dem Lauf-ABC. Dabei mussten die Kinder verschiedene Lauf\u00fcbungen absolvieren.<br \/>\nAls n\u00e4chstes wurde die Koordination, Reaktionsf\u00e4higkeit und Schnelligkeit der Kinder getestet.<br \/>\nSo kam z.B. die Koordinationsleiter zum Einsatz und die Kinder mussten bei verschiedenen \u00dcbungen ihr bereits erworbenes K\u00f6nnen unter Beweis stellen.<br \/>\nNach einer kurzen Pause ging es mit Staffelwettbewerben weiter. Dazu wurden 3 Gruppen gebildet,<br \/>\nwelche dann Schnelligkeit, Geschicklichkeit und Teamgeist unter Beweis stellen konnten. <\/span><\/span><\/p>\n<p><span style=\"font-size: 16px;\"><span style=\"font-family: times new roman,times,serif;\">N\u00e4chstes Thema war der \u201eSplitstep\u201c, auch genannt \u201eSchneller Auftakt\u201c dran. Dazu wurden viele \u00dcbungen gezeigt und auch gleich ausprobiert.<br \/>\nDen Schluss des Vormittagsblocks bildete dann ein kleines Spielchen und zwar wurde chinesisch gespielt.<br \/>\nUnd schon war der Vormittag rum und auf die Kids und Trainer wartete das wohlverdiente Mittagessen, Nudeln mit Tomatenso\u00dfe. <\/span><\/span><\/p>\n<p><span style=\"font-size: 16px;\"><span style=\"font-family: times new roman,times,serif;\">Nach einer kleinen Mittagspause stand\u00a0 als erste \u00dcbung das von allen Kindern schon lang ersehnte Seilspringen auf dem Plan.<br \/>\nIn zwei Durchg\u00e4ngen konnten die Kinder zeigen, wieviel Durchschl\u00e4ge sie in einer Minute schaffen.<br \/>\nUnd nun endlich ging es mit den praktischen \u00dcbungen auf dem Feld los. <\/span><\/span><\/p>\n<p><span style=\"font-size: 16px;\"><span style=\"font-family: times new roman,times,serif;\">Zuerst wurde das Thema \u201eAusfallschritt ans Netz\u201c bzw. \u201eSpiel im Vorderfeld\u201c in Angriff genommen.<br \/>\nNach kurzer Erkl\u00e4rung und Demonstration eines ordentlichen Ausfallschrittes mit Schl\u00e4gerhaltung und Laufweg ging es f\u00fcr die Kids ans \u00dcben.<br \/>\nEs wurde wieder in 3er-Gruppen + Trainer trainiert, wobei es immer einen Zuspieler (Trainer), einen \u00dcbenden und zwei Ballaufsammler gab.<br \/>\nDie \u00dcbungen wurden longline auf der Vor- bzw. R\u00fcckhandseite durchgef\u00fchrt.<\/span><\/span><\/p>\n<p>Und schon war die Kaffeepause da. Jeder konnte sich nochmal etwas entspannen, bevor es zur letzten Trainingseinheit des Tages ging.<br \/>\nDiese beinhaltete die Themen \u201eSchlagtechnik\u201c und \u201eUmsprung\u201c. Wobei das Thema \u201eUmsprung\u201c nur angerissen bzw.<br \/>\nnur einige Grund\u00fcbungen vermittelt wurden.<br \/>\nBeim Thema \u201eSchlagtechnik\u201c wurden nochmals die einzelnen Phasen gezeigt und wie man mit viel Power und Rotation die B\u00e4lle spielen kann.<br \/>\nDies wurde dann auch gleich nochmal kr\u00e4ftig ge\u00fcbt. Als Abschluss dieser Einheit wurde noch ein Kaiserturnier gespielt.<br \/>\nund im Anschluss daran konnten sich die Kids selber einteilen und noch ein kleines Spielchen machen.<\/p>\n<p>Damit ging der Lehrgang bereits zu Ende. Es folgte noch eine kleine Abschlussbesprechung und nach dem Abklatschen<br \/>\naller Spieler und Trainer und dem obligatorischen Fototermin machten sich dann alle, ausgepowert, kaputt, aber auch zufrieden<br \/>\nund mit viel Wissen im Gep\u00e4ck, auf den Heimweg. Es war f\u00fcr alle Teilnehmer ein toller Lehrgang! Weiter so!<\/p>\n<p><span style=\"font-size: 16px;\"><span style=\"font-family: times new roman,times,serif;\"><strong><u>Fazit:<\/u><\/strong><\/span><\/span><\/p>\n<p><span style=\"font-size: 16px;\"><span style=\"font-family: times new roman,times,serif;\">Es war ein sehr anstrengender, aber auch gelungener Tag f\u00fcr Kinder und Trainer.<br \/>\nDie Disziplin und auch die Konzentration der Kinder waren schon bemerkenswert. Nat\u00fcrlich konnten viele Themen nur kurz angerissen werden.<br \/>\nWichtig ist es jetzt, das gelernte auch im Training anzuwenden und zu verbessern. <\/span><\/span><\/p>\n<p><span style=\"font-size: 16px;\"><span style=\"font-family: times new roman,times,serif;\">Wir m\u00f6chten uns hiermit nochmals bei Stefan und den Trainern f\u00fcr ihren Einsatz und beim Gastgeber BV G\u00f6rlitz f\u00fcr die Bereitstellung<br \/>\nder Halle und den reibungslosen Ablauf des Trainingslagers ganz herzlich bedanken.<\/span><\/span><\/p>\n<p><span style=\"font-size: 16px;\"><span style=\"font-family: times\\ new\\ roman, times, serif;\"><strong><span style=\"font-family: times new roman,times,serif;\"><span style=\"font-size: 18px;\">Frank Adam<br \/>\n(Kinder- und Jugendwart)<\/span><\/span><\/strong><\/span><\/span><br \/>\n&nbsp;<\/p>\n","protected":false},"excerpt":{"rendered":"<p>Bildergalerie:\u00a0\u00a0\u00a0\u00a0\u00a0 \u00a0 \u00a0\u00a0 [klick hier] &nbsp; &nbsp; &nbsp; &nbsp; Am 14.04.2019 fand in G\u00f6rlitz ein Tages- und Sichtungslehrgang der Altersklassen U9\/U11 statt. Hier ein bericht von Kinder- und Jugendwart Frank&#8230;<\/p>\n<p class=\"more-link-wrap\"><a href=\"https:\/\/rvo.wiese-jens.de\/?p=189\" class=\"more-link\">Read More<span class=\"screen-reader-text\"> &ldquo;Sichtungslehrgang U11 am 14.04.2019 in G\u00f6rlitz&rdquo;<\/span> &raquo;<\/a><\/p>\n","protected":false},"author":13,"featured_media":0,"comment_status":"closed","ping_status":"closed","sticky":false,"template":"","format":"standard","meta":{"footnotes":""},"categories":[3],"tags":[],"class_list":["post-189","post","type-post","status-publish","format-standard","hentry","category-berichte"],"_links":{"self":[{"href":"https:\/\/rvo.wiese-jens.de\/index.php?rest_route=\/wp\/v2\/posts\/189","targetHints":{"allow":["GET"]}}],"collection":[{"href":"https:\/\/rvo.wiese-jens.de\/index.php?rest_route=\/wp\/v2\/posts"}],"about":[{"href":"https:\/\/rvo.wiese-jens.de\/index.php?rest_route=\/wp\/v2\/types\/post"}],"author":[{"embeddable":true,"href":"https:\/\/rvo.wiese-jens.de\/index.php?rest_route=\/wp\/v2\/users\/13"}],"replies":[{"embeddable":true,"href":"https:\/\/rvo.wiese-jens.de\/index.php?rest_route=%2Fwp%2Fv2%2Fcomments&post=189"}],"version-history":[{"count":0,"href":"https:\/\/rvo.wiese-jens.de\/index.php?rest_route=\/wp\/v2\/posts\/189\/revisions"}],"wp:attachment":[{"href":"https:\/\/rvo.wiese-jens.de\/index.php?rest_route=%2Fwp%2Fv2%2Fmedia&parent=189"}],"wp:term":[{"taxonomy":"category","embeddable":true,"href":"https:\/\/rvo.wiese-jens.de\/index.php?rest_route=%2Fwp%2Fv2%2Fcategories&post=189"},{"taxonomy":"post_tag","embeddable":true,"href":"https:\/\/rvo.wiese-jens.de\/index.php?rest_route=%2Fwp%2Fv2%2Ftags&post=189"}],"curies":[{"name":"wp","href":"https:\/\/api.w.org\/{rel}","templated":true}]}}