{"id":191,"date":"2019-05-13T22:00:00","date_gmt":"2019-05-13T20:00:00","guid":{"rendered":"https:\/\/rvo.bvsachsen.de\/wp\/wordpress\/2019\/05\/13\/2019-05-11-2-rrl-grs\/"},"modified":"2019-05-13T22:00:00","modified_gmt":"2019-05-13T20:00:00","slug":"2019-05-11-2-rrl-grs","status":"publish","type":"post","link":"https:\/\/rvo.wiese-jens.de\/?p=191","title":{"rendered":"Bericht  2.RRL U13\/U17\/U19 am 11.05.2019 in Gro\u00dfsch\u00f6nau"},"content":{"rendered":"<table style=\"width: 99.8165%; height: 158px;\" border=\"0\" width=\"720\" cellspacing=\"1\" cellpadding=\"1\" align=\"left\">\n<tbody>\n<tr style=\"height: 148px;\">\n<td style=\"text-align: right; vertical-align: middle; width: 40.9282%; height: 158px;\"><span style=\"font-size: 14px;\"><span style=\"font-family: times new roman,times,serif;\"><a href=\"https:\/\/photos.app.goo.gl\/YJMun3LEz1Qv3xpa7\"><img fetchpriority=\"high\" decoding=\"async\" class=\"\" style=\"float: left;\" src=\"https:\/\/lh3.googleusercontent.com\/tnrI7m1oceR_7LlGqDh5KGT9wVi_0CBltpUdsDEQA0MyX0j3hKbIhEuqhv3g4DuNh5lo8Gs99lIDp6CNurP4SgMw7TKuq3C_94-SU8lQOR-gZzXESbHv74l9HEINSrCEZg1UyhLj9O95t7IXjn3CXskrHT45FF7KgW0ID-_uskIZr0x5qYWO9k1UQF8TmDf5ZeuSgbqnADMj6IP9kf2v_6OmfDdOpWKy0WRl5TCVFdnSLWcicUAWsl4J5qhAi4Yk0GHtlaf5WQCK9yswrq5orOPFb8Dj1l9wNGYL0RIqbIktIPARP-q0qlyr4FCKveNi1hFgY4wpf0HgZ23NZnZvgDFh9g79ExZokn6bkMKxFQ6yY0dMQt20w-13jyxpCP0s3tiVGlZ5--bym-tPydM1M1O05TeMb7TGgsAscGdJIOjBX2UpQtAK4YgUa4SNIvFjTr_QgENKuBs1lFtYlNrfk1I6TIKHstRgXeLoXqOC_y4_RtozYl8me9X6IqgHZNCw1CUXWL8UvQJCOBWBuaC7Q7QzeZZ55Vf2alrDBoDPL0sr9HBNM_Yiz5rUJzmhpcc0uMWM62kJgQmWBSO0jvkXN9L2o0T-QOG9Xb0Cel9Wl7lDRl1Gl74JMc3uFPXLT1pXEMJVT-tq_SN5sgzQpHlcfl2BmyqzW4w=w463-h290-no\" alt=\"\" width=\"293\" height=\"184\" \/><\/a><\/span><\/span><\/td>\n<td style=\"width: 72.1366%; height: 158px;\">\n<p style=\"margin-right: 40px; margin-left: 40px;\"><span style=\"font-size: 14px;\"><span style=\"font-family: times new roman,times,serif;\"><strong><span style=\"color: #000000;\"><br \/>\nErgebnisse bei KROTON \u00a0\u00a0\u00a0 <a href=\"https:\/\/www.turnier.de\/sport\/tournament.aspx?id=D98A23C3-0E50-4CAC-9053-9D78CFE5D84B\" target=\"_blank\" rel=\"noopener\">[klick hier]<\/a><br \/>\n<\/span><\/strong><\/span><\/span><span style=\"font-size: 14px;\"><span style=\"font-family: times new roman,times,serif;\"><strong><span style=\"color: #000000;\">Bildergalerie:\u00a0\u00a0\u00a0\u00a0\u00a0 \u00a0 \u00a0 \u00a0 \u00a0 \u00a0 \u00a0 \u00a0 \u00a0 \u00a0\u00a0 <a href=\"https:\/\/photos.app.goo.gl\/YJMun3LEz1Qv3xpa7\" target=\"_blank\" rel=\"noopener\">[klick hier]<\/a><\/span><\/strong><\/span><\/span><\/p>\n<\/td>\n<\/tr>\n<\/tbody>\n<\/table>\n<p><span style=\"font-size: 16px;\"><span style=\"font-family: times\\ new\\ roman, times, serif;\">Die\u00a0 2. Regionalrangliste in den AK U13,U17,U19 fanden am 11.05.2015\u00a0 in Gro\u00dfsch\u00f6nau statt.<br \/>\n<\/span><\/span><span style=\"font-size: 16px;\"><span style=\"font-family: times\\ new\\ roman, times, serif;\">Hier ein <span style=\"font-size: 16px;\"><span style=\"font-family: times\\ new\\ roman, times, serif;\">B<\/span><\/span>ericht des Veranstalters<\/span><\/span><!--more--><u><\/u><\/p>\n<p><u><strong><span style=\"font-size: 16px;\"><span style=\"font-family: times new roman,times,serif;\">Bericht von der 2.RRL u13 \/ u17 \/ u19 in Gro\u00dfsch\u00f6nau<\/span><\/span><\/strong><\/u><\/p>\n<p><span style=\"font-size: 16px;\"><span style=\"font-family: times new roman,times,serif;\">Zur zweiten Rangliste der Saison 2019 in den AK u13 \/ u17 \/ u19 trafen sich am 11.05.2019 wieder Badmintonspieler aus<br \/>\nZittau, G\u00f6rlitz, Gro\u00dfsch\u00f6nau, Bautzen und Sohland in Gro\u00dfsch\u00f6nau. <\/span><\/span><\/p>\n<p><span style=\"font-size: 16px;\"><span style=\"font-family: times new roman,times,serif;\">Mit insgesamt 30 Startern in den drei Altersklassen gab es ein gutes Starterfeld zu verzeichnen.<\/span><\/span><\/p>\n<p><span style=\"font-size: 16px;\"><span style=\"font-family: times new roman,times,serif;\">Gespielt wurde in AK u13 Einzel und Mixed, in der AK u17 \/ u19 Einzel und Doppel.<br \/>\nJe nach der Anzahl der Teilnehmer in jeder Disziplin wurde im Gruppen- oder Doppel-Ko-System gespielt.<\/span><\/span><\/p>\n<p><span style=\"font-size: 16px;\"><span style=\"font-family: times new roman,times,serif;\">Das Mix u13 wurde von Noack\/Kr\u00fcger (TSV Gro\u00dfsch\u00f6nau\/SG Robur Zittau) vor Pietschmann\/Wendt (TSV Gro\u00dfsch\u00f6nau) gewonnen.<br \/>\nDie dritten Pl\u00e4tze belegten hier Schmidt\/Kuntsche (TSV Gro\u00dfsch\u00f6nau) und Block\/Dutschmann (MSV Bautzen 04). <\/span><\/span><\/p>\n<p><span style=\"font-size: 16px;\"><span style=\"font-family: times new roman,times,serif;\">Im ME u13 setzte sich die an Nummer 1 gesetzte Sandra Kr\u00fcger von der SG Robur Zittau klar durch.<br \/>\nZweite wurde Cora Dutschmann vom MSV Bautzen 04, den dritten Platz belegte Nele Wendt vom TSV Gro\u00dfsch\u00f6nau. <\/span><\/span><\/p>\n<p><span style=\"font-size: 16px;\"><span style=\"font-family: times new roman,times,serif;\">Auch im JE u13 konnte sich die Nummer 1 durchsetzen. Tim Pietschmann siegte vor Kevin Noack, beide von TSV Gro\u00dfsch\u00f6nau und Pascal Riedel aus G\u00f6rlitz.<\/span><\/span><\/p>\n<p><span style=\"font-size: 16px;\"><span style=\"font-family: times new roman,times,serif;\">In den AK u17 und u19 gab es dann keine \u00dcberraschungen und die gesetzten Spieler wurden ihren Favoritenrollen gerecht.<br \/>\nDas ME u17 wurde von\u00a0 Rosalin Reichel vom 1.BV G\u00f6rlitz gewonnen.<br \/>\nDen zweiten Platz belegte hier Paula Pilop aus Bautzen vor Sophie Wagner aus Gro\u00dfsch\u00f6nau. <\/span><\/span><\/p>\n<p><span style=\"font-size: 16px;\"><span style=\"font-family: times new roman,times,serif;\">Im JE u17 kam diesmal ebenfalls der Sieger aus G\u00f6rlitz. Robin Reichel gewann vor Tim Claus und Luca Lesniok, beide vom TSV Gro\u00dfsch\u00f6nau. <\/span><\/span><\/p>\n<p><span style=\"font-size: 16px;\"><span style=\"font-family: times new roman,times,serif;\">Bei den Damen u19 konnte sich Laura Bode von der SG Robur Zittau durchsetzen, den zweiten Platz sicherte sich Yasmin Schubert ebenfalls aus Zittau.<br \/>\nDritte wurde Ashley Wendler vom MSV Bautzen 04. <\/span><\/span><\/p>\n<p><span style=\"font-size: 16px;\"><span style=\"font-family: times new roman,times,serif;\">Bei den Herren setzte sich Daniel Menzel\u00a0 aus G\u00f6rlitz vor Leon Lemle und Benjamin Domeier, beide MSV Bautzen 04, durch.<\/span><\/span><\/p>\n<p><span style=\"font-size: 16px;\"><span style=\"font-family: times new roman,times,serif;\">Die Doppelkonkurrenzen u17 \/ u19 wurden auf Grund der geringen Teilnehmerzahl zusammengelegt und in Gruppen gespielt, jedoch dann nach AK gewertet.<br \/>\nIm Jungendoppel u17 siegte Claus\/Wendt aus Gro\u00dfsch\u00f6nau, im M\u00e4dchendoppel u17 Lyko Vater vom 1.BV G\u00f6rlitz. <\/span><\/span><\/p>\n<p><span style=\"font-size: 16px;\"><span style=\"font-family: times new roman,times,serif;\">Das Herrendoppel u19 wurde von Menzel\/Reichel aus G\u00f6rlitz vor Lemle\/Domeier vom MSV Bautzen 04 gewonnen. <\/span><\/span><\/p>\n<p><span style=\"font-size: 16px;\"><span style=\"font-family: times new roman,times,serif;\">Die Siegerinnen im Damendoppel kamen aus Zittau. Es gewannen Bode\/Schubert vor Pilop\/Wendler aus Bautzen und Wagner\/Sch\u00f6lzel aus Gro\u00dfsch\u00f6nau.<\/span><\/span><\/p>\n<p><span style=\"font-size: 16px;\"><span style=\"font-family: times new roman,times,serif;\">Es waren spannende und teilweise sehr umk\u00e4mpfte Spiele zu sehen, bei denen es manchmal sehr, sehr knapp zuging. Herzlichen Gl\u00fcckwunsch an die Sieger und Platzierten.<\/span><\/span><\/p>\n<p><strong><span style=\"font-size: 16px;\"><span style=\"font-family: times new roman,times,serif;\">Frank Adam<br \/>\n<\/span><\/span><\/strong><strong><span style=\"font-size: 16px;\"><span style=\"font-family: times new roman,times,serif;\">-TSV Gro\u00dfsch\u00f6nau, Abteilung Badminton-<\/span><\/span><\/strong><\/p>\n<p>&nbsp;<\/p>\n<p>&nbsp;<\/p>\n<p>&nbsp;<\/p>\n<p>&nbsp;<\/p>\n","protected":false},"excerpt":{"rendered":"<p>Ergebnisse bei KROTON \u00a0\u00a0\u00a0 [klick hier] Bildergalerie:\u00a0\u00a0\u00a0\u00a0\u00a0 \u00a0 \u00a0 \u00a0 \u00a0 \u00a0 \u00a0 \u00a0 \u00a0 \u00a0\u00a0 [klick hier] Die\u00a0 2. Regionalrangliste in den AK U13,U17,U19 fanden am 11.05.2015\u00a0 in Gro\u00dfsch\u00f6nau&#8230;<\/p>\n<p class=\"more-link-wrap\"><a href=\"https:\/\/rvo.wiese-jens.de\/?p=191\" class=\"more-link\">Read More<span class=\"screen-reader-text\"> &ldquo;Bericht  2.RRL U13\/U17\/U19 am 11.05.2019 in Gro\u00dfsch\u00f6nau&rdquo;<\/span> &raquo;<\/a><\/p>\n","protected":false},"author":13,"featured_media":0,"comment_status":"closed","ping_status":"closed","sticky":false,"template":"","format":"standard","meta":{"footnotes":""},"categories":[3],"tags":[],"class_list":["post-191","post","type-post","status-publish","format-standard","hentry","category-berichte"],"_links":{"self":[{"href":"https:\/\/rvo.wiese-jens.de\/index.php?rest_route=\/wp\/v2\/posts\/191","targetHints":{"allow":["GET"]}}],"collection":[{"href":"https:\/\/rvo.wiese-jens.de\/index.php?rest_route=\/wp\/v2\/posts"}],"about":[{"href":"https:\/\/rvo.wiese-jens.de\/index.php?rest_route=\/wp\/v2\/types\/post"}],"author":[{"embeddable":true,"href":"https:\/\/rvo.wiese-jens.de\/index.php?rest_route=\/wp\/v2\/users\/13"}],"replies":[{"embeddable":true,"href":"https:\/\/rvo.wiese-jens.de\/index.php?rest_route=%2Fwp%2Fv2%2Fcomments&post=191"}],"version-history":[{"count":0,"href":"https:\/\/rvo.wiese-jens.de\/index.php?rest_route=\/wp\/v2\/posts\/191\/revisions"}],"wp:attachment":[{"href":"https:\/\/rvo.wiese-jens.de\/index.php?rest_route=%2Fwp%2Fv2%2Fmedia&parent=191"}],"wp:term":[{"taxonomy":"category","embeddable":true,"href":"https:\/\/rvo.wiese-jens.de\/index.php?rest_route=%2Fwp%2Fv2%2Fcategories&post=191"},{"taxonomy":"post_tag","embeddable":true,"href":"https:\/\/rvo.wiese-jens.de\/index.php?rest_route=%2Fwp%2Fv2%2Ftags&post=191"}],"curies":[{"name":"wp","href":"https:\/\/api.w.org\/{rel}","templated":true}]}}