{"id":192,"date":"2019-05-22T12:00:00","date_gmt":"2019-05-22T10:00:00","guid":{"rendered":"https:\/\/rvo.bvsachsen.de\/wp\/wordpress\/2019\/05\/22\/2019-05-18-2-rrl-glz\/"},"modified":"2019-05-22T12:00:00","modified_gmt":"2019-05-22T10:00:00","slug":"2019-05-18-2-rrl-glz","status":"publish","type":"post","link":"https:\/\/rvo.wiese-jens.de\/?p=192","title":{"rendered":"Bericht  2.RRL U11\/U15\/Aktive am 18.05.2019 in G\u00f6rlitz"},"content":{"rendered":"<table style=\"width: 97.64%; height: 217px;\" border=\"0\" width=\"720\" cellspacing=\"1\" cellpadding=\"1\" align=\"left\">\n<tbody>\n<tr style=\"height: 217px;\">\n<td style=\"text-align: right; vertical-align: middle; width: 38.7268%; height: 217px;\"><a href=\"http:\/\/photos.app.goo.gl\/9NxfzuffQjW29VUL7\" target=\"_blank\" rel=\"noopener\"><img decoding=\"async\" class=\"alignnone\" style=\"width: 287px; height: 210px;\" src=\"https:\/\/lh3.googleusercontent.com\/kst13WbzqUVp8smOBdfnwRwbRMawJ3_HwI5oGcxAXwfCs7Z0WgWYhdoWvbgDPbZmkcSByQ3JffQaRtCfNBpb1LdJSh1a73HeuE3no4hdB6Fnb7qe60W8LqvXrqLL6qK8X5krh-rGpeYj5Gwj55btqqzU_PF491qsBJghgcsFmtTJ7hAMgTj9HVyEezpLcbuxMpqKvqhGa2ueImwVgKmg-hovnGx5QZ9wYMV9wHyIgaHjhfQechNyXkHXAM1j7t0ugktkkmIvL_hKQSUo114X-xjmCLzXmCT2yj62UlOmSHvlbdnMxVjNtUb-ZmQurrVxLPbTuwdfaeCujo96WJU5CUDtxcguMr7cPkYLiYaC1PebvJwwW6uUGEunNmrJfHjtoRaT8LbOocUOOclfC4VqvFuwxgId9L9yTcw_GCeuBnu8HPaKCC8_-hwlO_yfXBH5GN0aA5l1AUl6cYjo2H5_mBpYAW_skK8aRpJHfCB4Rsj9t9BpovOFD98dHllrt_5riE0WjJfLbWDyKtBqsciKxX3XdbcMlG1kjMnFoIzpV15sHC-iBeVjI_JMqdvE_Ph9Omqtp6yN4ew0uzzzvvTWS-kJuUjLAzHFBv6oW1XE6c-AXah1Z2waYl_cVRRT9JQVWXtZHfrD8Q_ZCnDDqGMFurCFgh7HG4g=w487-h325-no\" alt=\"\" \/><\/a><\/td>\n<td style=\"width: 56.2334%; height: 217px;\">\n<p style=\"margin-right: 40px; margin-left: 40px;\"><span style=\"font-size: 16px;\"><strong><span style=\"color: #000000;\"><br \/>\n<\/span><span style=\"color: #000000;\">Ergebnisse bei KROTON \u00a0 <\/span><span style=\"color: #000000;\"><a href=\"https:\/\/www.turnier.de\/sport\/tournament.aspx?id=80806B62-CF3C-46F4-B122-85515A9DF642\" target=\"_blank\" rel=\"noopener\">[klick hier]<\/a><br \/>\n<\/span><\/strong><\/span><strong><span style=\"font-size: 16px;\"><span style=\"color: #000000;\"><span style=\"font-size: 16px;\"><span style=\"color: #000000;\">Fotogalerie\u00a0 \u00a0 \u00a0 \u00a0 \u00a0 \u00a0 \u00a0 \u00a0 \u00a0 \u00a0 \u00a0 \u00a0 \u00a0 <\/span><\/span><a href=\"https:\/\/www.turnier.de\/sport\/tournament.aspx?id=80806B62-CF3C-46F4-B122-85515A9DF642\" target=\"_blank\" rel=\"noopener\">[klick hier]<\/a><\/span><\/span><\/strong><\/p>\n<\/td>\n<\/tr>\n<\/tbody>\n<\/table>\n<p>&nbsp;<\/p>\n<p>&nbsp;<\/p>\n<p>&nbsp;<\/p>\n<p>&nbsp;<\/p>\n<p><span style=\"font-size: 16px;\"><span style=\"font-family: times new roman,times,serif;\">Die\u00a0 2. Regionalranglisten in den AK U11,U15,Aktive fanden am 18.05.2019\u00a0 in G\u00f6rlitz statt.<br \/>\n<\/span><\/span><span style=\"font-size: 16px;\"><span style=\"font-family: times new roman,times,serif;\">Hier ein Bericht des Veranstalters:<\/span><\/span><\/p>\n<p><!--more--><span style=\"font-size: 16px; color: #000000;\"><u><strong>Bericht von der 2.RRL u11 \/ u15 \/Aktive in G\u00f6rlitz<\/strong><\/u><\/span><\/p>\n<p><span style=\"font-family: times new roman, times, serif; color: #000000;\"><span style=\"font-size: 16px;\">Am Samstag den 18.05. fand in G\u00f6rlitz die 2. Regionalrangliste der Aktiven, der u15 und u11 statt.<br \/>\nGespielt wurde im BSZ in G\u00f6rlitz.<\/span><\/span><\/p>\n<p><span style=\"font-family: times new roman, times, serif; color: #000000;\"><span style=\"font-size: 16px;\">Bei den Kindern in der u11 hatten 10 Jungs und 3 M\u00e4dchen gemeldet.<br \/>\nBei den M\u00e4dchen konnte sich Amelie Behr vom MSV Bautzen vor Anna Voigt und Jessica Schmidt<br \/>\n(beide vom TSV Gro\u00dfsch\u00f6nau) durchsetzen. <\/span><\/span><\/p>\n<p><span style=\"font-family: times new roman, times, serif; color: #000000;\"><span style=\"font-size: 16px;\">Nach den Gruppenspielen zogen 8 Jungen in die KO-Runde ein, um den Sieger zu ermitteln. Dabei erreichten<br \/>\nCedric Schmidt aus Zittau und Steve Terres aus Bautzen (nach einem hart umk\u00e4mften Halbfinale gegen Kevin Noack) das Finale.<br \/>\nDieses gewann Cedric\u00a0 klar in 3 S\u00e4tzen.<br \/>\nDen 3. Platz belegte Kevin Noack aus Gro\u00dfsch\u00f6nau. Er besiegte Tizian Schuster aus Bautzen im kleinen Finale.<\/span><\/span><\/p>\n<p><span style=\"font-family: times new roman, times, serif; color: #000000;\"><span style=\"font-size: 16px;\">In der u15 waren 7 Jungs und 5 M\u00e4dchen gemeldet.<br \/>\nBei den M\u00e4dchen gab es ein reines G\u00f6rlitzer Finale. Frederike Lyko und Laura Vater spielten die Siegerin aus.<br \/>\nIm ersten Satz entspann sich ein harter Kampf. Frederike konnte den Satz mit 24:22 f\u00fcr sich entscheiden.<br \/>\nDer zweite Satz ging dann klar an Frederike. Den dritten Platz erk\u00e4mpfte sich Sandra Kr\u00fcger aus Zittau.<\/span><\/span><\/p>\n<p><span style=\"font-family: times new roman, times, serif; color: #000000;\"><span style=\"font-size: 16px;\">Felix Qietzsch aus Zittau gewann sehr \u00fcberlegen das Finale gegen Tim Pietschmann aus Gro\u00dfsch\u00f6nau.<br \/>\nDen 3. Platz belegte Raik Grosche vom Badmintonverein Sohland.<\/span><\/span><\/p>\n<p><span style=\"font-family: times new roman, times, serif; color: #000000;\"><span style=\"font-size: 16px;\">Immerhin 10 Damen hatten f\u00fcr die Konkurrenz der Aktiven gemeldet. Sehr gut !<br \/>\nAllerdings mussten alle die \u00dcberlegenheit von Laura Bode aus Zittau anerkennen.<br \/>\nIm Finale gewann Laura dann auch gegen ein stark spielende Rosalin Reichel aus G\u00f6rlitz.<br \/>\nDritte wurde Helena Kr\u00fcger, ebenfalls von Robur Zittau.<\/span><\/span><\/p>\n<p><span style=\"font-family: times new roman, times, serif; color: #000000;\"><span style=\"font-size: 16px;\">Das gr\u00f6\u00dfte Starterfeld stellten die Aktiven B. Positiv anzumerken ist die Teilnahme einiger Nachwuchsspieler.<br \/>\nLetztendlich trafen sich Jens B\u00f6hm aus Gro\u00dfsh\u00f6nau und Benjamin Domeier aus Bautzen im Finale.<br \/>\nHier konnte sich Jens (noch ) gegen die Jugend durchsetzen, und gewann die Herren B-Konkurrenz.<br \/>\nMartin Schmidt aus Sohland gewann die Trostrunde, und belegte somit den 3. Platz.<\/span><\/span><\/p>\n<p><span style=\"font-family: times new roman, times, serif; color: #000000;\"><span style=\"font-size: 16px;\">Nur 5 Herren &#8222;trauten&#8220; sich ins A-Turnier. DerSieger wurde im Gruppensystem ausgespielt.<br \/>\nLetztendlich konnte der G\u00f6rlitzer Sebastian Menzel alle Spiele gewinnen, und so verdient<br \/>\ndas A-Turnier gewinnen. Eine sehr starke Leistung bot Leon Lemle aus Bautzen, der gegen seine<br \/>\netablierten Vereinskameraden Maik Wolf und Eduard Terentev gewann, und so den 2. Platz belegte.<br \/>\nDritter wurde Maik Wolf.<\/span><\/span><\/p>\n<p><span style=\"color: #000000;\">Insgesamt kann festgehalten werden, dass eine gute Beteiligung war und es so weiter gehen kann.<\/span><\/p>\n<p><span style=\"font-family: times new roman, times, serif; color: #000000;\"><span style=\"font-size: 16px;\">Dank an alle Spieler, Betreuer und Helfer f\u00fcr ein faires\u00a0 und spannendes Turnier.<\/span><\/span><\/p>\n<p><span style=\"color: #000000;\"><span style=\"font-family: times new roman,times,serif;\"><span style=\"font-size: 16px;\"><strong>Karsten Putschke\/Lutz Buchal<br \/>\n<\/strong><\/span><\/span><span style=\"font-family: times new roman,times,serif;\"><span style=\"font-size: 16px;\"><strong>1. BV G\u00f6rlitz<\/strong><\/span><\/span><\/span><\/p>\n<p>&nbsp;<\/p>\n","protected":false},"excerpt":{"rendered":"<p>Ergebnisse bei KROTON \u00a0 [klick hier] Fotogalerie\u00a0 \u00a0 \u00a0 \u00a0 \u00a0 \u00a0 \u00a0 \u00a0 \u00a0 \u00a0 \u00a0 \u00a0 \u00a0 [klick hier] &nbsp; &nbsp; &nbsp; &nbsp; Die\u00a0 2. Regionalranglisten in den&#8230;<\/p>\n<p class=\"more-link-wrap\"><a href=\"https:\/\/rvo.wiese-jens.de\/?p=192\" class=\"more-link\">Read More<span class=\"screen-reader-text\"> &ldquo;Bericht  2.RRL U11\/U15\/Aktive am 18.05.2019 in G\u00f6rlitz&rdquo;<\/span> &raquo;<\/a><\/p>\n","protected":false},"author":15,"featured_media":0,"comment_status":"closed","ping_status":"closed","sticky":false,"template":"","format":"standard","meta":{"footnotes":""},"categories":[3],"tags":[],"class_list":["post-192","post","type-post","status-publish","format-standard","hentry","category-berichte"],"_links":{"self":[{"href":"https:\/\/rvo.wiese-jens.de\/index.php?rest_route=\/wp\/v2\/posts\/192","targetHints":{"allow":["GET"]}}],"collection":[{"href":"https:\/\/rvo.wiese-jens.de\/index.php?rest_route=\/wp\/v2\/posts"}],"about":[{"href":"https:\/\/rvo.wiese-jens.de\/index.php?rest_route=\/wp\/v2\/types\/post"}],"author":[{"embeddable":true,"href":"https:\/\/rvo.wiese-jens.de\/index.php?rest_route=\/wp\/v2\/users\/15"}],"replies":[{"embeddable":true,"href":"https:\/\/rvo.wiese-jens.de\/index.php?rest_route=%2Fwp%2Fv2%2Fcomments&post=192"}],"version-history":[{"count":0,"href":"https:\/\/rvo.wiese-jens.de\/index.php?rest_route=\/wp\/v2\/posts\/192\/revisions"}],"wp:attachment":[{"href":"https:\/\/rvo.wiese-jens.de\/index.php?rest_route=%2Fwp%2Fv2%2Fmedia&parent=192"}],"wp:term":[{"taxonomy":"category","embeddable":true,"href":"https:\/\/rvo.wiese-jens.de\/index.php?rest_route=%2Fwp%2Fv2%2Fcategories&post=192"},{"taxonomy":"post_tag","embeddable":true,"href":"https:\/\/rvo.wiese-jens.de\/index.php?rest_route=%2Fwp%2Fv2%2Ftags&post=192"}],"curies":[{"name":"wp","href":"https:\/\/api.w.org\/{rel}","templated":true}]}}