{"id":201,"date":"2019-08-26T14:00:00","date_gmt":"2019-08-26T12:00:00","guid":{"rendered":"https:\/\/rvo.bvsachsen.de\/wp\/wordpress\/2019\/08\/26\/2019-08-24-rrl-grs-3\/"},"modified":"2019-08-26T14:00:00","modified_gmt":"2019-08-26T12:00:00","slug":"2019-08-24-rrl-grs-3","status":"publish","type":"post","link":"https:\/\/rvo.wiese-jens.de\/?p=201","title":{"rendered":"Bericht  3.RRL U13\/U17\/U19 am 24.08.2019 in Gro\u00dfsch\u00f6nau"},"content":{"rendered":"<table style=\"width: 100.496%; height: 127px;\" border=\"0\" width=\"720\" cellspacing=\"1\" cellpadding=\"1\" align=\"left\">\n<tbody>\n<tr style=\"height: 127px;\">\n<td style=\"text-align: right; vertical-align: middle; width: 47.5718%; height: 127px;\"><span style=\"font-size: 14px;\"><span style=\"font-family: times new roman,times,serif;\"><a href=\"https:\/\/photos.app.goo.gl\/d6WUCMjGu9DRoNCG6\"><img decoding=\"async\" class=\"\" style=\"float: left; width: 351px; height: 206px;\" src=\"https:\/\/lh3.googleusercontent.com\/z4WFsddD6afZ71MuVTjVYMPc8mCVmzKBunTuz028Z7lxJycdAcVQlE5tmTwCTJ0Tbi87Q75vuXJppH8Ykhz0YR6hdrSz9iQtQATEao03Gm75CGpSgzm0UfswJ9gKVekywIweVXlUT7CNOssXgZHRDrl_KjplIa_eHsrhVtgYIousvSyjROz6RR00juE5BgHIiiJHkZ7EC33RhJgpuGaUV5KWCbhynPgi4DmmEPA_ZWdM0hcln7wzmodGvRG2wlZjxvG7N8Mr9MgLwHHI7TaCnrQ3V5r3ieaAq9Zx5PKpUZcTudgx7JOzR4i5h2y71x-a5VcbLgbUA5EWFM1c_tSp2XSm8MP2YxoXRZCFjt-XA2w6HvMDXJKQx_w9XWGBp_hhYS5m_CXLS1l1BpEMAJjyP0MeP_jByUPTcigXg-52f2WF2Ub1UYFnCktSfZIAuLgOh1dkWWHqvHsvtd_cFAL6q6bEOYgqIofnfsFhj1I6xiu5TrVeJR_FX2FFVWoL-gntUADB8Geuon2aLjoTv7tDhmrYt-nhp573xBtavjHtyDymujTZK8kEexTWfecjK98SksSu-0F-0key4g-6Cag35nUiQ7uRCYLN1wuRyLFRx8G4OeTxkylvdEHad4WQuaxRVbXQMcXCLUh28pbAzV6snVRp2fN3iCY=w469-h312-no\" alt=\"\" \/><\/a><\/span><\/span><\/td>\n<td style=\"width: 57.0386%; height: 127px;\">\n<p style=\"padding-left: 40px; text-align: left;\">\n<p style=\"padding-left: 40px;\"><strong><span style=\"font-family: times new roman, times, serif; font-size: 12pt;\">Ergebnisse bei KROTON \u00a0\u00a0\u00a0 <a href=\"https:\/\/www.turnier.de\/tournament\/1E2F94B2-19E0-49CC-B2CB-4DBF8798F1B9\" target=\"_blank\" rel=\"noopener\">[klick hier]<\/a><\/span><\/strong><br \/>\n<span style=\"font-size: 12pt;\"><span style=\"font-family: times new roman,times,serif;\"><strong><span style=\"color: #000000;\"><strong><span style=\"font-family: times new roman, times, serif; font-size: 12pt;\">Bildergalerie:\u00a0\u00a0 \u00a0 \u00a0 \u00a0 \u00a0 \u00a0\u00a0 \u00a0 \u00a0 \u00a0 \u00a0 \u00a0\u00a0 <\/span><\/strong><a href=\"https:\/\/photos.app.goo.gl\/d6WUCMjGu9DRoNCG6\" target=\"_blank\" rel=\"noopener\"><strong><span style=\"font-family: times new roman, times, serif; font-size: 12pt;\">[klick hier]<\/span><\/strong><\/a> <\/span><\/strong><\/span><\/span><\/p>\n<p style=\"margin-right: 40px; margin-left: 40px;\">\n<\/td>\n<\/tr>\n<\/tbody>\n<\/table>\n<p><span style=\"font-size: 16px;\"><span style=\"font-family: times\\ new\\ roman, times, serif;\">Die\u00a0 3. Regionalrangliste in den AK U13,U17,U19 fanden am 24.08.2015\u00a0 in Gro\u00dfsch\u00f6nau statt.<br \/>\n<\/span><\/span><span style=\"font-size: 16px;\"><span style=\"font-family: times\\ new\\ roman, times, serif;\">Hier ein <span style=\"font-size: 16px;\"><span style=\"font-family: times\\ new\\ roman, times, serif;\">B<\/span><\/span>ericht des Veranstalters:<\/span><\/span><\/p>\n<p><!--more--><\/p>\n<p><u><strong><span style=\"font-size: 16px;\"><span style=\"font-family: times new roman,times,serif;\">Bericht von der 3.RRL u13 \/ u17 \/ u19 in Gro\u00dfsch\u00f6nau<\/span><\/span><\/strong><\/u><\/p>\n<p><span style=\"font-size: 16px;\"><span style=\"font-family: times new roman,times,serif;\">Zur dritten Rangliste der Saison 2019 in den AK u13 \/ u17 \/ u19 trafen sich, nach der Sommerpause,<br \/>\nam 24.08.2019 wieder Badmintonspieler aus Zittau, G\u00f6rlitz, Gro\u00dfsch\u00f6nau, Bautzen, Sohland und sogar aus Leipzig in Gro\u00dfsch\u00f6nau. <\/span><\/span><\/p>\n<p><span style=\"font-size: 16px;\"><span style=\"font-family: times new roman,times,serif;\">Mit insgesamt 35 Startern in den drei Altersklassen gab es ein gutes Starterfeld zu verzeichnen.<br \/>\nGespielt wurde in allen Altersklassen Einzel und Doppel. Je nach der Anzahl der Teilnehmer in jeder Disziplin wurde im Gruppen- oder Doppel-Ko-System gespielt.<\/span><\/span><\/p>\n<p><span style=\"font-size: 16px;\"><span style=\"font-family: times new roman,times,serif;\">Das M\u00e4dchendoppel u13 wurde von Dutschmann\/St\u00fcbner (MSV Bautzen 04) vor Kuntsche\/Wendt (TSV Gro\u00dfsch\u00f6nau)<br \/>\nund Putschke\/Lichtenstein (1.BV G\u00f6rlitz\/BV Sohland) gewonnen.<\/span><\/span><\/p>\n<p><span style=\"font-size: 16px;\"><span style=\"font-family: times new roman,times,serif;\">Bei den Jungen u13 gewann im Doppel die Paarung Pietschmann\/Noack aus Gro\u00dfsch\u00f6nau vor Schmidt\/Schwarze aus Gro\u00dfsch\u00f6nau\/Sohland.<br \/>\nDie dritten Pl\u00e4tze belegten hier Hertwig\/Schmidt (SG Robur Zittau) und Block\/Claus (MSV Bautzen 04).<\/span><\/span><\/p>\n<p><span style=\"font-size: 16px;\"><span style=\"font-family: times new roman,times,serif;\">Im ME u13 setzte sich die an Nummer 1 gesetzte Sandra Kr\u00fcger von der SG Robur Zittau klar durch.<br \/>\nZweite wurde Nele Wendt vom TSV Gro\u00dfsch\u00f6nau, den dritten Platz belegte Cora Dutschmann vom MSV Bautzen 04.<\/span><\/span><\/p>\n<p><span style=\"font-size: 16px;\"><span style=\"font-family: times new roman,times,serif;\">Auch im JE u13 konnte sich die Nummer 1 ungef\u00e4hrdet durchsetzen. Tim Pietschmann vom<br \/>\nTSV Gro\u00dfsch\u00f6nau siegte vor Pascal Riedel aus G\u00f6rlitz und Cedric Schmidt aus Zittau.<\/span><\/span><\/p>\n<p><span style=\"font-size: 16px;\"><span style=\"font-family: times new roman,times,serif;\">In den AK u17 und u19 gab es dann auch keine \u00dcberraschungen und die gesetzten Spieler wurden ihren<br \/>\nFavoritenrollen gerecht. <\/span><\/span><\/p>\n<p><span style=\"font-size: 16px;\"><span style=\"font-family: times new roman,times,serif;\">Das ME u17 wurde von\u00a0 Paula Pilop aus Bautzen gewonnen. Den zweiten Platz belegte hier Tina Szewczyk aus Sohland vor Laura Vater aus G\u00f6rlitz.<\/span><\/span><\/p>\n<p><span style=\"font-size: 16px;\"><span style=\"font-family: times new roman,times,serif;\">Im JE u17 kam diesmal der Sieger wieder aus Gro\u00dfsch\u00f6nau. Tim Claus gewann vor Philipp Kretzschmar vom MSV Bautzen 04 und Luca Lesniok ebenfalls Gro\u00dfsch\u00f6nau.<\/span><\/span><\/p>\n<p><span style=\"font-size: 16px;\"><span style=\"font-family: times new roman,times,serif;\">Bei den Damen u19 konnte sich Laura Bode von der SG Robur Zittau durchsetzen.<br \/>\nDen zweiten Platz sicherte sich Helena Kr\u00fcger ebenfalls aus Zittau. Dritte wurde Ashley Wendler vom MSV Bautzen 04.<\/span><\/span><\/p>\n<p><span style=\"font-size: 16px;\"><span style=\"font-family: times new roman,times,serif;\">Das Herreneinzel u19 gewann Leon Lemle aus Bautzen vor Leander Pluntke von der HSG DHfK Leipzig<br \/>\nund Benjamin Domeier, ebenfalls MSV Bautzen 04.<\/span><\/span><\/p>\n<p><span style=\"font-size: 16px;\"><span style=\"font-family: times new roman,times,serif;\">Die M\u00e4dchendoppelkonkurrenzen u17 \/ u19 wurden auf Grund der geringen Teilnehmerzahl zusammengelegt und<br \/>\nin einer Gruppen gespielt.<br \/>\nEs gewannen Kr\u00fcger\/Schubert von der SG Robur Zittau vor Pilop\/Wendler aus Bautzen und Szewczyk\/Vater aus Sohland\/G\u00f6rlitz.<\/span><\/span><\/p>\n<p><span style=\"font-size: 16px;\"><span style=\"font-family: times new roman,times,serif;\">Im Jungendoppel u17 siegte Claus\/Lesniok aus Gro\u00dfsch\u00f6nau vor Quietzsch\/Kretzschmar aus Zittau\/Bautzen.<br \/>\nDie dritten Pl\u00e4tze belegten Friedrich\/Wendt aus Gro\u00dfsch\u00f6nau und Grosche\/Riedel aus Sohland und G\u00f6rlitz.<\/span><\/span><\/p>\n<p><span style=\"font-size: 16px;\"><span style=\"font-family: times new roman,times,serif;\">Das Herrendoppel u19 wurde von Lemle\/Domeier vom MSV Bautzen 04 gewonnen. Zweiter wurden hier Pluntke\/Mai von der DHfK Leipzig.<\/span><\/span><\/p>\n<p><span style=\"font-size: 16px;\"><span style=\"font-family: times new roman,times,serif;\">Es waren spannende und teilweise sehr umk\u00e4mpfte Spiele zu sehen, bei denen es manchmal sehr, sehr knapp zuging. Herzlichen Gl\u00fcckwunsch an die Sieger und Platzierten.<\/span><\/span><\/p>\n<p><strong><span style=\"font-size: 16px;\"><span style=\"font-family: times new roman,times,serif;\">Frank Adam<br \/>\n<\/span><\/span><\/strong><strong><span style=\"font-size: 16px;\"><span style=\"font-family: times new roman,times,serif;\">-TSV Gro\u00dfsch\u00f6nau, Abteilung Badminton-<\/span><\/span><\/strong><\/p>\n<p>&nbsp;<\/p>\n<p>&nbsp;<\/p>\n<p>&nbsp;<\/p>\n<p>&nbsp;<\/p>\n","protected":false},"excerpt":{"rendered":"<p>Ergebnisse bei KROTON \u00a0\u00a0\u00a0 [klick hier] Bildergalerie:\u00a0\u00a0 \u00a0 \u00a0 \u00a0 \u00a0 \u00a0\u00a0 \u00a0 \u00a0 \u00a0 \u00a0 \u00a0\u00a0 [klick hier] Die\u00a0 3. Regionalrangliste in den AK U13,U17,U19 fanden am 24.08.2015\u00a0 in&#8230;<\/p>\n<p class=\"more-link-wrap\"><a href=\"https:\/\/rvo.wiese-jens.de\/?p=201\" class=\"more-link\">Read More<span class=\"screen-reader-text\"> &ldquo;Bericht  3.RRL U13\/U17\/U19 am 24.08.2019 in Gro\u00dfsch\u00f6nau&rdquo;<\/span> &raquo;<\/a><\/p>\n","protected":false},"author":13,"featured_media":0,"comment_status":"closed","ping_status":"closed","sticky":false,"template":"","format":"standard","meta":{"footnotes":""},"categories":[3],"tags":[],"class_list":["post-201","post","type-post","status-publish","format-standard","hentry","category-berichte"],"_links":{"self":[{"href":"https:\/\/rvo.wiese-jens.de\/index.php?rest_route=\/wp\/v2\/posts\/201","targetHints":{"allow":["GET"]}}],"collection":[{"href":"https:\/\/rvo.wiese-jens.de\/index.php?rest_route=\/wp\/v2\/posts"}],"about":[{"href":"https:\/\/rvo.wiese-jens.de\/index.php?rest_route=\/wp\/v2\/types\/post"}],"author":[{"embeddable":true,"href":"https:\/\/rvo.wiese-jens.de\/index.php?rest_route=\/wp\/v2\/users\/13"}],"replies":[{"embeddable":true,"href":"https:\/\/rvo.wiese-jens.de\/index.php?rest_route=%2Fwp%2Fv2%2Fcomments&post=201"}],"version-history":[{"count":0,"href":"https:\/\/rvo.wiese-jens.de\/index.php?rest_route=\/wp\/v2\/posts\/201\/revisions"}],"wp:attachment":[{"href":"https:\/\/rvo.wiese-jens.de\/index.php?rest_route=%2Fwp%2Fv2%2Fmedia&parent=201"}],"wp:term":[{"taxonomy":"category","embeddable":true,"href":"https:\/\/rvo.wiese-jens.de\/index.php?rest_route=%2Fwp%2Fv2%2Fcategories&post=201"},{"taxonomy":"post_tag","embeddable":true,"href":"https:\/\/rvo.wiese-jens.de\/index.php?rest_route=%2Fwp%2Fv2%2Ftags&post=201"}],"curies":[{"name":"wp","href":"https:\/\/api.w.org\/{rel}","templated":true}]}}