{"id":2012,"date":"2021-07-19T17:24:01","date_gmt":"2021-07-19T15:24:01","guid":{"rendered":"https:\/\/rvoneu.bvsachsen.de\/?p=2012"},"modified":"2021-07-19T17:24:01","modified_gmt":"2021-07-19T15:24:01","slug":"bericht-1-rrl-u19-2-rrl-u13-2-rrl-u17-am-17-06-2021-in-goerlitz","status":"publish","type":"post","link":"https:\/\/rvo.wiese-jens.de\/?p=2012","title":{"rendered":"Bericht 1. RRL U19, 2.RRL U13, 2. RRL U17 am 17.06.2021 in G\u00f6rlitz"},"content":{"rendered":"<table style=\"width: 99.2063%; height: 181px;\" border=\"0\" width=\"763\" cellspacing=\"1\" cellpadding=\"1\" align=\"left\">\n<tbody>\n<tr>\n<td style=\"text-align: right; vertical-align: middle; width: 38.9514%;\"><a href=\"https:\/\/photos.app.goo.gl\/Wb9j4ivESoWeLi8q6\"><img fetchpriority=\"high\" decoding=\"async\" class=\"aligncenter\" src=\"https:\/\/lh3.googleusercontent.com\/v2RCnWCa0pEl2JOItitRGc-3pWkP4IpIzVb36rCf4yUgcerIP6ChQITrG4n23BDQjGAFN-Hje4fgv4gMTpXih8DbTn5kwm6IrkYjRPeHYPfAm7W-1ziBdxgJTSdzS3Z7Ok8rxIrPYcYhb5WYiDhQWmFwhndoRgHpYBsxkZRZbMW4rGTQPRZy3Hv1qE4yZ5X31jQjWyRQPRo1Nmv0voC_udCLn9qyqV3djZaLgzlXRabTUbTiV6RJcd2Sj9px3ye2-lZ_lvBHIX7ri5zbtq1IcN9Wb830yiLJy1GtkV5q7jvXpNgr80gCCLKs_YATKd21mwPQ6Ge-9OTaV9fR3Etiatg2lFNEBriMyq_doizKRyyW83IljuLLrISoun1U3YE2I_d0UVgHLfkjQ5TZbp2SrB9ZCHkqQPiiqBI5tyJ7YCBbMPmzn5nSDmBSKFZrmJcUq-ELvj5apl0L_kPewxE78ksR0oalYFQ6rAn0rBwuQoCPXsudEJBs2BpECc9m_GraEgGJpbv4jiPjSZqFdDZkOaPnVwnqY5dWeQKoTJ9QoC97x-yXHXc5u6yl3CD6uMfOCP9Wdo4ol6ZPYpRVydtmeH2ocWy09yzgmisOYZmiFBNutY9A7aZRefJhCgTWtxEL-ngPJ4DAN6oHJIa06xgb__HF-svHkBj4XflSLVuCRcrGBvhvrQ1z2TyUjh6KkYVGvImueeE321tNS0pf9moq4BBCgVpvlv048bBr-cwTOIr0lxstFecKwj35Pn3eysS4E9uC57ceMsTrrH3r=w347-h310-no\" alt=\"\" width=\"266\" height=\"236\" \/><\/a><\/td>\n<td style=\"width: 64.7606%;\">\n<p style=\"margin-right: 40px; margin-left: 40px; padding-left: 40px;\"><span style=\"font-size: 16px;\"><span style=\"font-family: times new roman,times,serif;\"><strong><span style=\"color: #000000;\">Ergebnisse bei Turnier.de<br \/>\n<a href=\"https:\/\/www.turnier.de\/sport\/tournament?id=AE3840D2-BE18-409F-B6AA-35D1AE8EA9EA\" target=\"_blank\" rel=\"noopener\">[klick hier]<\/a><\/span><\/strong><\/span><\/span><\/p>\n<p style=\"margin-right: 40px; margin-left: 40px; padding-left: 40px;\"><span style=\"font-size: 16px;\"><span style=\"font-family: times new roman,times,serif;\"><strong><span style=\"color: #000000;\">Fotogalerie<br \/>\n<a href=\"https:\/\/photos.app.goo.gl\/Wb9j4ivESoWeLi8q6\">[klick hier<\/a><a href=\"https:\/\/www.turnier.de\/sport\/tournament?id=AE3840D2-BE18-409F-B6AA-35D1AE8EA9EA\" target=\"_blank\" rel=\"noopener\">]<\/a><br \/>\n<\/span><\/strong><\/span><\/span><\/p>\n<\/td>\n<\/tr>\n<\/tbody>\n<\/table>\n<p>&nbsp;<\/p>\n<p>&nbsp;<\/p>\n<p>&nbsp;<\/p>\n<p>&nbsp;<\/p>\n<p><span style=\"font-family: times new roman, times, serif; font-size: 16px; color: #000000;\">Der 1. BV G\u00f6rlitz war Ausrichter der 1. RRL U19, 2.RRL U13\/U17<\/span><br \/>\n<span style=\"color: #000000;\"><span style=\"font-size: 16px;\"><span style=\"font-family: times new roman,times,serif;\">Hier ein Bericht des Veranstalters :<br \/>\n<\/span><\/span><!--more--><\/span><\/p>\n<p><span style=\"text-decoration: underline;\"><strong><span style=\"color: #000000; font-family: times new roman, times, serif; font-size: 20px; text-decoration: underline;\">Regionalrangliste am 17.07.2021 in G\u00f6rlitz<\/span><\/strong><\/span><\/p>\n<p><span style=\"color: #000000; font-family: times new roman, times, serif; font-size: 16px;\">Kurz vor den Sommerferien 2021 gab es in G\u00f6rlitz noch mal eine Regionalrangliste als Saisonabschluss.<br \/>\nGespielt wurde in den Altersklassen u13, u17 und u19.<br \/>\nEs haben sich auch einige Spieler und Spielerinnen aus G\u00f6rlitz mit in die Listen eingeschrieben. P\u00fcnktlich um 9.00 Uhr ging es los mit der Er\u00f6ffnung. Gespielt wurde in der neuen Emil von Schenckendorff Halle in G\u00f6rlitz.<\/span><\/p>\n<p><span style=\"color: #000000; font-family: times new roman, times, serif; font-size: 16px;\">Da durch Corona in den letzten Monaten viel Training ausgefallen war, waren die Anspr\u00fcche noch nicht so hoch. In allen Klassen gab es gute Wettk\u00e4mpfe und die st\u00e4rksten Spieler konnten sich durchsetzen. Gespielt wurde im Gruppensystem mit 3 oder 4 Spielern je Gruppe. Danach wurden neue Gruppen gebildet, damit alle Spieler 3 bis 4 Spiele hatten.<\/span><\/p>\n<p><span style=\"color: #000000; font-family: times new roman, times, serif; font-size: 16px;\">Ergebnisse wie immer auf\u00a0 Turnier.de<br \/>\n<\/span><\/p>\n<p><span style=\"color: #000000; font-family: times new roman, times, serif; font-size: 16px;\">Als letztes Turnier vor den Ferien, wurde damit noch mal eine gute Trainingsm\u00f6glichkeit unter Wettkampfbedingungen f\u00fcr alle Spieler angeboten. Mit dem Ende waren alle mehr oder weniger zufrieden und jetzt kann man nur hoffen, dass Corona nicht noch mal zur\u00fcckkommt und wir weiter trainieren und spielen k\u00f6nnen.<\/span><\/p>\n<p><strong><span style=\"color: #000000; font-family: times new roman, times, serif; font-size: 16px;\">Karsten Putschke (<\/span><span style=\"font-family: times new roman, times, serif; font-size: 16px; color: #000000;\">1. BV G\u00f6rlitz)<\/span><\/strong><\/p>\n","protected":false},"excerpt":{"rendered":"<p>Ergebnisse bei Turnier.de [klick hier] Fotogalerie [klick hier] &nbsp; &nbsp; &nbsp; &nbsp; Der 1. BV G\u00f6rlitz war Ausrichter der 1. RRL U19, 2.RRL U13\/U17 Hier ein Bericht des Veranstalters :<\/p>\n","protected":false},"author":15,"featured_media":0,"comment_status":"closed","ping_status":"closed","sticky":false,"template":"","format":"standard","meta":{"footnotes":""},"categories":[3],"tags":[],"class_list":["post-2012","post","type-post","status-publish","format-standard","hentry","category-berichte"],"_links":{"self":[{"href":"https:\/\/rvo.wiese-jens.de\/index.php?rest_route=\/wp\/v2\/posts\/2012","targetHints":{"allow":["GET"]}}],"collection":[{"href":"https:\/\/rvo.wiese-jens.de\/index.php?rest_route=\/wp\/v2\/posts"}],"about":[{"href":"https:\/\/rvo.wiese-jens.de\/index.php?rest_route=\/wp\/v2\/types\/post"}],"author":[{"embeddable":true,"href":"https:\/\/rvo.wiese-jens.de\/index.php?rest_route=\/wp\/v2\/users\/15"}],"replies":[{"embeddable":true,"href":"https:\/\/rvo.wiese-jens.de\/index.php?rest_route=%2Fwp%2Fv2%2Fcomments&post=2012"}],"version-history":[{"count":0,"href":"https:\/\/rvo.wiese-jens.de\/index.php?rest_route=\/wp\/v2\/posts\/2012\/revisions"}],"wp:attachment":[{"href":"https:\/\/rvo.wiese-jens.de\/index.php?rest_route=%2Fwp%2Fv2%2Fmedia&parent=2012"}],"wp:term":[{"taxonomy":"category","embeddable":true,"href":"https:\/\/rvo.wiese-jens.de\/index.php?rest_route=%2Fwp%2Fv2%2Fcategories&post=2012"},{"taxonomy":"post_tag","embeddable":true,"href":"https:\/\/rvo.wiese-jens.de\/index.php?rest_route=%2Fwp%2Fv2%2Ftags&post=2012"}],"curies":[{"name":"wp","href":"https:\/\/api.w.org\/{rel}","templated":true}]}}