{"id":208,"date":"2019-09-15T12:00:00","date_gmt":"2019-09-15T10:00:00","guid":{"rendered":"https:\/\/rvo.bvsachsen.de\/wp\/wordpress\/2019\/09\/15\/2019-09-14-rem-u9-u19-glz\/"},"modified":"2019-09-15T12:00:00","modified_gmt":"2019-09-15T10:00:00","slug":"2019-09-14-rem-u9-u19-glz","status":"publish","type":"post","link":"https:\/\/rvo.wiese-jens.de\/?p=208","title":{"rendered":"Bericht  REM U9-U19 am 14.09.2019 in G\u00f6rlitz"},"content":{"rendered":"<table style=\"width: 98.3956%; height: 78px;\" border=\"0\" width=\"720\" cellspacing=\"1\" cellpadding=\"1\" align=\"left\">\n<tbody>\n<tr style=\"height: 215px;\">\n<td style=\"text-align: right; vertical-align: middle; width: 42.9342%; height: 78px;\"><a href=\"http:\/\/photos.app.goo.gl\/jgJXKDnj1ig9gnkeA\" target=\"_blank\" rel=\"noopener\"><img fetchpriority=\"high\" decoding=\"async\" class=\"alignleft\" src=\"https:\/\/lh3.googleusercontent.com\/3q1xX73xpPQu1jAV_ZQX9ofoU2dYzZLxbqLW8VcFieTOhj6J6rqSXkEbv5M-zerun2kZVIkYdLWhF1KcD3IpJKqKkcycxU4sHxZfK4-7qhSXTRiw7U5KlaJ70bqzJNUI_-M46srbY4oxE6pCRtXJzrXhCAmsLyjrVEW7qL1GydYHQyhypNj6gp0bGmKHj62YNkmxIUvZBVXTNciF4HiR8lT8gt45jgJcsIIRyVbMsGdDr66ezpduy5exO0Gmz9IermtkeOaYxaZ4kf-nHraZafeGuRXFtHry0qEWx3UrTJ-_TkpsAoV5PFeP6Md5KkYSutrGHgYNe-ElW6CNFV7Lb2q2ZHhVjKhCuFOc3zmWO8-DDERxaMlVYUGUA4bNZexI7GaTkwvADrpTEbPcDYSuekvZJHeZacDF-A2OberLsSWW4Py8yxwFjFu9yQyLMWpC0l5pxg4x8dYKXSeZal4ziA7b6gn6t6wO6EuBZEQ72qodVgBubtqdglAm_bbOC8ZpEcKzhDH6DA77e2ETz0qUpd5lBLDM-jrn5PiIe1cg6S8cPBYd99NDu89ztr9_HMvT4ZrZDn80xs9Hi5b3oxNTbst1HW7qCmtk3B1xNbZ8qS6TnSjO4UXxtnwN8ERtIIRx5PENSCVDRy0k4nfZJ7PanDGsKIFQyW-mTrIdCB3r8Un7zWQrSLCHSCo=w720-h408-no\" alt=\"\" width=\"333\" height=\"189\" \/><\/a><\/td>\n<td style=\"width: 103.458%; height: 78px;\">\n<p style=\"margin-right: 40px; margin-left: 40px; text-align: left;\"><span style=\"font-family: times new roman, times, serif; font-size: 16px;\"><strong><span style=\"color: #000000;\">Ergebnisse bei KROTON:<br \/>\n<a href=\"https:\/\/www.turnier.de\/sport\/tournament?id=97D34D4F-F7EC-434C-9BBE-4A91F1B7BA38\" target=\"_blank\" rel=\"noopener\">[klick hier]<\/a><br \/>\n<\/span><\/strong><strong><span style=\"color: #000000;\"><strong><span style=\"color: #000000;\">Fotogalerie:<br \/>\n<a href=\"https:\/\/www.turnier.de\/sport\/tournament.aspx?id=80806B62-CF3C-46F4-B122-85515A9DF642\"> [klick hier]<\/a><\/span><\/strong><\/span><\/strong><\/span><\/p>\n<\/td>\n<\/tr>\n<\/tbody>\n<\/table>\n<p>&nbsp;<\/p>\n<p><span style=\"color: #000000;\">Die Regionaleinzelmeisterschaften der AK U9-U19 fanden am 14.09.2019 in G\u00f6rlitz statt.<\/span><br \/>\n<span style=\"color: #000000;\"><span style=\"font-size: 16px;\"><span style=\"font-family: times new roman,times,serif;\">Hier ein Bericht des Veranstalters: <\/span><\/span><!--more--><span style=\"font-size: 16px;\"><span style=\"font-family: times new roman,times,serif;\"><strong><u>Bericht REM der Altersklassen U9-U19 am 14.09.2019<\/u><\/strong><\/span><\/span><\/span><\/p>\n<p><span style=\"font-size: 16px; color: #000000;\"><span style=\"font-family: times new roman,times,serif;\">Der 1.Badmintonverein G\u00f6rlitz war Gastgeber der REM 2019 der AK U9 bis U19.<br \/>\nInsgesamt 65 Sportler aus Bautzen, Zittau, Sohland, Gro\u00dfsch\u00f6nau, Wei\u00dfwasser und vom Gastgeber<br \/>\nermittelten die Besten in den jeweiligen Altersklassen. Die Teilnehmerzahl gegen\u00fcber dem Vorjahr (68)<br \/>\n\u00e4nderte sich somit erfreulicherweise kaum, obwohl einige etablierte Sportler leider nicht Teilnahmen.<br \/>\nDaf\u00fcr konnten wir einige neue unbekannte Namen in der Teilnehmerliste finden. Sehr positiv!<br \/>\nGespielt wurden Mixed und Doppel im Einzel-KO und alle Einzel im Doppel-KO System.<\/span><\/span><\/p>\n<p><span style=\"font-size: 16px; color: #000000;\"><span style=\"font-family: times new roman,times,serif;\">P\u00fcnktlich 9:00 Uhr er\u00f6ffnete Karsten Putschke die Wettk\u00e4mpfe. Die AK U15-U19 konnten gleich etwas<br \/>\nErw\u00e4rmung betreiben. Deren Spiele fanden in der oberen Halle statt. Also hie\u00df es: Treppen steigen!<\/span><\/span><\/p>\n<p><span style=\"font-size: 16px; color: #000000;\"><span style=\"font-family: times new roman,times,serif;\">Begonnen wurde (wie gewohnt) mit den Mixed-Konkurrenzen gefolgt von Einzel und Doppel.<br \/>\nIch erspare mir diesmal die sture Auflistung der Platzierungen, diese sind ja in den Einzelergebnissen<br \/>\nbei \u00a0KROTON nachzulesen.<\/span><\/span><\/p>\n<p><span style=\"color: #000000;\">Vielmehr soll ein gro\u00dfes DANKE an alle gehen, die zum Saisonh\u00f6hepunkt der Kinder- und Jugend, ihre Freizeit zugunsten des Badminton-sports im RVO zur Verf\u00fcgung stellten. Ohne diese ehrenamtlichen Helfer w\u00e4re ein geregelter Spielbetrieb nicht m\u00f6glich. Das sollte mal in aller Deutlichkeit gesagt sein. Je mehr Helfer sich bereit erkl\u00e4ren solch ein Event mit zu organisieren, desto leichter wird es f\u00fcr die zentrale Organisation!<\/span><\/p>\n<p><span style=\"font-size: 16px; color: #000000;\"><span style=\"font-family: times new roman,times,serif;\">So, nun mal zum sportlichen Bereich. Es war erfreulich zu sehen, dass die gr\u00f6\u00dfte Anzahl an Meldungen in den AK U9 bis U13 zu verzeichnen waren. Das spricht f\u00fcr eine gute Nachwuchsarbeit im RVO. Allerdings gibt es (siehe Teilnehmerzahlen) hier Unterschiede zwischen den einzelnen Vereinen.<\/span><\/span><\/p>\n<p><span style=\"font-size: 16px; color: #000000;\"><span style=\"font-family: times new roman,times,serif;\">Ansonsten gab es keine gro\u00dfen \u00dcberraschungen im Turnierverlauf. Die Favoriten konnten sich meistens durchsetzen. Es gab viele knappe Spiele, die hart umk\u00e4mpft waren und manchmal eigentlich keinen Verlierer verdient h\u00e4tten.<\/span><\/span><\/p>\n<p><span style=\"font-size: 16px; color: #000000;\"><span style=\"font-family: times new roman,times,serif;\">Die erfolgreichste Mannschaft stellte die SG Robur Zittau mit 8 Titeln, 5 Zweiten und 8 Dritten Pl\u00e4tzen. Ist schon eine beeindruckende Bilanz. Gl\u00fcckwunsch.<\/span><\/span><\/p>\n<p><span style=\"font-size: 16px; color: #000000;\"><span style=\"font-family: times new roman,times,serif;\">Die REM bedeutete auch den Ranglistenabschluss der AK U13, U17 und U19. Die jeweils ersten 3 wurden vom Jugendwart des RVO Frank Adam mit Pokal und Urkunde ausgezeichnet .<\/span><\/span><\/p>\n<p><span style=\"font-size: 16px; color: #000000;\"><span style=\"font-family: times new roman,times,serif;\">Hier die Gewinner :<\/span><\/span><\/p>\n<p style=\"margin-left: 80px;\"><span style=\"font-size: 16px; color: #000000;\"><span style=\"font-family: times new roman,times,serif;\"><strong>U13\u00a0\u00a0\u00a0\u00a0 ME:\u00a0\u00a0\u00a0 <\/strong>1. Sandra Kr\u00fcger (Robur Zittau),<\/span><\/span><\/p>\n<p style=\"margin-left: 160px;\"><span style=\"font-size: 16px; color: #000000;\"><span style=\"font-family: times new roman,times,serif;\">\u00a0\u00a0\u00a0 2. Cora Dutschmann (MSV Bautzen)<\/span><\/span><\/p>\n<p style=\"margin-left: 35.25pt;\"><span style=\"font-size: 16px; color: #000000;\"><span style=\"font-family: times new roman,times,serif;\">\u00a0\u00a0\u00a0\u00a0\u00a0\u00a0\u00a0\u00a0\u00a0\u00a0\u00a0\u00a0\u00a0\u00a0\u00a0\u00a0\u00a0\u00a0\u00a0\u00a0\u00a0\u00a0\u00a0\u00a0\u00a0\u00a0\u00a0\u00a0\u00a0\u00a0\u00a0 3. Nele Wendt (TSV Gro\u00dfsch\u00f6nau)<\/span><\/span><\/p>\n<p style=\"margin-left: 120px;\"><span style=\"font-size: 16px; color: #000000;\"><span style=\"font-family: times new roman,times,serif;\"><strong><br \/>\nJE:<\/strong>\u00a0 \u00a0\u00a0 1. Tim Pietschmann (TSV Gro\u00dfsch\u00f6nau),<\/span><\/span><\/p>\n<p style=\"margin-left: 35.4pt;\"><span style=\"font-size: 16px; color: #000000;\"><span style=\"font-family: times new roman,times,serif;\">\u00a0\u00a0\u00a0\u00a0\u00a0\u00a0\u00a0\u00a0\u00a0\u00a0\u00a0\u00a0\u00a0\u00a0\u00a0\u00a0\u00a0\u00a0\u00a0\u00a0\u00a0\u00a0\u00a0\u00a0\u00a0\u00a0\u00a0 \u00a0\u00a0 2. Pascal Louis Riedel (1. BV G\u00f6rlitz),<\/span><\/span><\/p>\n<p style=\"margin-left: 70.8pt;\"><span style=\"font-size: 16px; color: #000000;\"><span style=\"font-family: times new roman,times,serif;\">\u00a0\u00a0\u00a0\u00a0\u00a0\u00a0\u00a0\u00a0\u00a0\u00a0\u00a0\u00a0\u00a0\u00a0\u00a0 \u00a0\u00a0 3. Malte Schwarze<\/span><\/span><\/p>\n<p style=\"margin-left: 35.25pt;\"><span style=\"font-size: 16px; color: #000000;\"><span style=\"font-family: times new roman,times,serif;\"><strong><br \/>\nU17\u00a0\u00a0\u00a0\u00a0 ME:\u00a0\u00a0\u00a0 <\/strong>1. Paula Pilop \u00a0(MSV Bautzen 04)),<\/span><\/span><\/p>\n<p style=\"margin-left: 160px;\"><span style=\"font-size: 16px; color: #000000;\"><span style=\"font-family: times new roman,times,serif;\">\u00a0 2. Laura Vater (1. BV G\u00f6rlitz)<\/span><\/span><\/p>\n<p style=\"margin-left: 160px;\"><span style=\"font-size: 16px; color: #000000;\"><span style=\"font-family: times new roman,times,serif;\">\u00a0 3. Tina Sczewczyk \u00a0(Badmintonverein Sohland)<\/span><\/span><\/p>\n<p style=\"margin-left: 120px;\"><span style=\"font-size: 16px; color: #000000;\"><span style=\"font-family: times new roman,times,serif;\"><strong>JE:<\/strong>\u00a0\u00a0 \u00a0 \u00a0 1. Tim Claus (TSV Gro\u00dfsch\u00f6nau),<\/span><\/span><\/p>\n<p style=\"margin-left: 35.4pt;\"><span style=\"font-size: 16px; color: #000000;\"><span style=\"font-family: times new roman,times,serif;\">\u00a0\u00a0\u00a0\u00a0\u00a0\u00a0\u00a0\u00a0\u00a0\u00a0\u00a0\u00a0\u00a0\u00a0\u00a0\u00a0\u00a0\u00a0\u00a0\u00a0\u00a0\u00a0\u00a0\u00a0\u00a0\u00a0 \u00a0 \u00a0 2. Luca Lesniok (TSV Gro\u00dfsch\u00f6nau),<\/span><\/span><\/p>\n<p style=\"margin-left: 70.8pt;\"><span style=\"font-size: 16px; color: #000000;\"><span style=\"font-family: times new roman,times,serif;\">\u00a0\u00a0\u00a0\u00a0\u00a0\u00a0\u00a0\u00a0\u00a0\u00a0\u00a0\u00a0\u00a0\u00a0 \u00a0 \u00a0 3. Maximilian Friedrich (TSV Gro\u00dfsch\u00f6nau),<\/span><\/span><\/p>\n<p style=\"margin-left: 80px;\"><span style=\"font-size: 16px; color: #000000;\"><span style=\"font-family: times new roman,times,serif;\"><strong>U19\u00a0\u00a0\u00a0\u00a0 ME:\u00a0\u00a0\u00a0 <\/strong>1. Helena Kr\u00fcger (SG Robur Zittau),<\/span><\/span><\/p>\n<p style=\"margin-left: 35.25pt;\"><span style=\"font-size: 16px; color: #000000;\"><span style=\"font-family: times new roman,times,serif;\">\u00a0\u00a0\u00a0\u00a0\u00a0\u00a0\u00a0\u00a0\u00a0\u00a0\u00a0\u00a0\u00a0\u00a0\u00a0\u00a0\u00a0\u00a0\u00a0\u00a0\u00a0\u00a0\u00a0\u00a0\u00a0\u00a0\u00a0\u00a0 \u00a0\u00a0 2. Yasmin Schubert (SG Robur Zittau)<\/span><\/span><\/p>\n<p style=\"margin-left: 35.25pt;\"><span style=\"font-size: 16px; color: #000000;\"><span style=\"font-family: times new roman,times,serif;\">\u00a0\u00a0\u00a0\u00a0\u00a0\u00a0\u00a0\u00a0\u00a0\u00a0\u00a0\u00a0\u00a0\u00a0\u00a0\u00a0\u00a0\u00a0\u00a0\u00a0\u00a0\u00a0\u00a0\u00a0\u00a0\u00a0\u00a0\u00a0 \u00a0\u00a0 3. Ashley Wendler \u00a0(MSV Bautzen 04)<\/span><\/span><\/p>\n<p style=\"margin-left: 120px;\"><span style=\"font-size: 16px; color: #000000;\"><span style=\"font-family: times new roman,times,serif;\"><strong>JE:<\/strong>\u00a0\u00a0\u00a0\u00a0\u00a0 1. Leon Lemle (MSV Bautzen 04)<\/span><\/span><\/p>\n<p style=\"margin-left: 35.4pt;\"><span style=\"font-size: 16px; color: #000000;\"><span style=\"font-family: times new roman,times,serif;\">\u00a0\u00a0\u00a0\u00a0\u00a0\u00a0\u00a0\u00a0\u00a0\u00a0\u00a0\u00a0\u00a0\u00a0\u00a0\u00a0\u00a0\u00a0\u00a0\u00a0\u00a0\u00a0\u00a0\u00a0 \u00a0 \u00a0\u00a0 2. Benjamin Domeier (MSV Bautzen 04)<\/span><\/span><\/p>\n<p style=\"margin-left: 70.8pt;\"><span style=\"font-size: 16px; color: #000000;\"><span style=\"font-family: times new roman,times,serif;\">\u00a0\u00a0\u00a0\u00a0\u00a0\u00a0\u00a0\u00a0\u00a0\u00a0\u00a0\u00a0\u00a0\u00a0\u00a0\u00a0\u00a0 3. Vincent Richter (MSV Bautzen 04)<\/span><\/span><\/p>\n<p><span style=\"font-family: times new roman, times, serif; color: #000000;\"><span style=\"font-size: 16px;\">Herzlichen Gl\u00fcckwunsch ! Weiter so<\/span><\/span><\/p>\n<p><span style=\"font-size: 16px; color: #000000;\"><span style=\"font-family: times new roman,times,serif;\">Dank an Frank Adam f\u00fcr die Bereitstellung der Fotos.<\/span><\/span><\/p>\n<p><span style=\"font-family: times new roman, times, serif; color: #000000;\"><span style=\"font-size: 16px;\">i.A. Lutz Buchal<\/span><\/span><\/p>\n<p>&nbsp;<\/p>\n<p>&nbsp;<\/p>\n<p>&nbsp;<\/p>\n<p>&nbsp;<\/p>\n<p>&nbsp;<\/p>\n","protected":false},"excerpt":{"rendered":"<p>Ergebnisse bei KROTON: [klick hier] Fotogalerie: [klick hier] &nbsp; Die Regionaleinzelmeisterschaften der AK U9-U19 fanden am 14.09.2019 in G\u00f6rlitz statt. Hier ein Bericht des Veranstalters:<\/p>\n","protected":false},"author":15,"featured_media":0,"comment_status":"closed","ping_status":"closed","sticky":false,"template":"","format":"standard","meta":{"footnotes":""},"categories":[3],"tags":[],"class_list":["post-208","post","type-post","status-publish","format-standard","hentry","category-berichte"],"_links":{"self":[{"href":"https:\/\/rvo.wiese-jens.de\/index.php?rest_route=\/wp\/v2\/posts\/208","targetHints":{"allow":["GET"]}}],"collection":[{"href":"https:\/\/rvo.wiese-jens.de\/index.php?rest_route=\/wp\/v2\/posts"}],"about":[{"href":"https:\/\/rvo.wiese-jens.de\/index.php?rest_route=\/wp\/v2\/types\/post"}],"author":[{"embeddable":true,"href":"https:\/\/rvo.wiese-jens.de\/index.php?rest_route=\/wp\/v2\/users\/15"}],"replies":[{"embeddable":true,"href":"https:\/\/rvo.wiese-jens.de\/index.php?rest_route=%2Fwp%2Fv2%2Fcomments&post=208"}],"version-history":[{"count":0,"href":"https:\/\/rvo.wiese-jens.de\/index.php?rest_route=\/wp\/v2\/posts\/208\/revisions"}],"wp:attachment":[{"href":"https:\/\/rvo.wiese-jens.de\/index.php?rest_route=%2Fwp%2Fv2%2Fmedia&parent=208"}],"wp:term":[{"taxonomy":"category","embeddable":true,"href":"https:\/\/rvo.wiese-jens.de\/index.php?rest_route=%2Fwp%2Fv2%2Fcategories&post=208"},{"taxonomy":"post_tag","embeddable":true,"href":"https:\/\/rvo.wiese-jens.de\/index.php?rest_route=%2Fwp%2Fv2%2Ftags&post=208"}],"curies":[{"name":"wp","href":"https:\/\/api.w.org\/{rel}","templated":true}]}}