{"id":209,"date":"2019-09-28T22:33:00","date_gmt":"2019-09-28T20:33:00","guid":{"rendered":"https:\/\/rvo.bvsachsen.de\/wp\/wordpress\/2019\/09\/28\/2019-09-28-rrl-u9-aktive-wsw\/"},"modified":"2019-09-28T22:33:00","modified_gmt":"2019-09-28T20:33:00","slug":"2019-09-28-rrl-u9-aktive-wsw","status":"publish","type":"post","link":"https:\/\/rvo.wiese-jens.de\/?p=209","title":{"rendered":"Bericht 2.RRL U9+3.RRL Aktive am 28.09.2019 in Wei\u00dfwasser"},"content":{"rendered":"<table style=\"width: 94.9409%; height: 10px;\" border=\"0\" width=\"733\" cellspacing=\"1\" cellpadding=\"1\" align=\"left\">\n<tbody>\n<tr style=\"height: 14px;\">\n<td style=\"text-align: right; vertical-align: middle; width: 39.313%; height: 10px;\"><span style=\"font-size: 16px;\"><span style=\"font-family: times new roman,times,serif;\"><a href=\"https:\/\/photos.app.goo.gl\/QUE6fkBuD2LdMGMT7\" target=\"_blank\" rel=\"noopener\"><img decoding=\"async\" class=\"\" style=\"float: left; width: 266px; height: 191px;\" src=\"https:\/\/lh3.googleusercontent.com\/v7D2EcbRm-v7dP2sedzbO6neb82_ehquH-LBvoU2vqYi_T99sieeAynLWUw-zLJ_jZkqn_YNqHbhkkXAZn9iyRPwiQ1wtUSZIhXJ47Jtcc3BHlHLvlS57rubgL27daHLp_R6tEK4-8MOAxRuVnuZhl1LPGSBg2Gjq03qldW7jGWci6XD_njHdyngEeZtSeOWC2rI8gNqCzrkh_XoLO-Eix44L3E7ElTl0Z5obgcyRBqABppuoFQUpzWHtwk9tvqq3m0H2kOKbdKhX0QU0jalNkZhQrdv9VX-iD7grb_iWhVih4zPrJFL0yHb4ifkafwp-3DzTGQUvI1Q1jTSb8AD61V_JcbTN-MpPtXlFSaCZVDORlg2qMNsu9OjmYBABSOWOX_w-VvHMbX43MnGqINK1H_Ph_2T_6z89P0xwFy6kx8pcRoGqH8nuTudgabzTMOzCVJZ2NaU0vHAm2EZKcHO_sNUwRuR4XavFOEoePeuDHAK5es0L2_QsiBOifkx4_ec5ecFSbeYpPR-jp4lYt91rQ8xvhBWyk7ktoexZ7DREJo8ydBEDTZE3iVDcszlyqLoEpomyGXdmNhf5B9mFoovOxc1QZ56XWtgEM5Ig3BDjhFJ_K6ubyx7IP02hfnbj1LvcSTB3QfrJUnyHLHhMHCoygcB1VzkYenR_yIh6P0CRLdRxtYaY4v0zQ=w579-h361-no\" alt=\"\" \/><\/a><\/span><\/span><\/td>\n<td style=\"width: 76.0181%; height: 10px;\">\n<p style=\"margin-right: 40px; margin-left: 40px;\"><span style=\"font-size: 16px;\"><span style=\"font-family: times new roman,times,serif;\"><strong><span style=\"color: #000000;\">Ergebnisse bei KROTON \u00a0\u00a0\u00a0 <a href=\"https:\/\/www.turnier.de\/sport\/tournament?id=AA53D327-3762-4F32-B681-7D36511223FB\" target=\"_blank\" rel=\"noopener\">[klick hier]<\/a> <\/span><\/strong><\/span><\/span><\/p>\n<p style=\"margin-right: 40px; margin-left: 40px;\"><span style=\"font-size: 16px;\"><span style=\"font-family: times new roman,times,serif;\"><strong><span style=\"color: #000000;\">Bildergalerie:\u00a0\u00a0\u00a0\u00a0\u00a0 \u00a0 \u00a0 \u00a0 \u00a0\u00a0 \u00a0 \u00a0 \u00a0\u00a0 \u00a0\u00a0 <a href=\"https:\/\/photos.app.goo.gl\/QUE6fkBuD2LdMGMT7\" target=\"_blank\" rel=\"noopener\">[klick hier]<\/a><\/span><\/strong><\/span><\/span><span style=\"font-size: 16px;\"><span style=\"font-family: times new roman,times,serif;\"><strong><span style=\"color: #000000;\">\u00a0 \u00a0 \u00a0\u00a0 \u00a0 \u00a0 \u00a0\u00a0 \u00a0 <\/span><\/strong><\/span><\/span><\/p>\n<\/td>\n<\/tr>\n<\/tbody>\n<\/table>\n<p>&nbsp;<\/p>\n<p>&nbsp;<\/p>\n<p>&nbsp;<\/p>\n<p><span style=\"font-size: 16px;\"><span style=\"font-family: times new roman,times,serif;\">\u00a0<\/span><\/span><\/p>\n<p><span style=\"font-size: 16px;\"><span style=\"font-family: times new roman,times,serif;\">Am 28.09.2019 fanden in Wei\u00dfwasser die 2 RRL\u00a0 U9 und die 3.RRL der Akiven statt<br \/>\n<\/span><\/span><span style=\"font-size: 16px;\"><span style=\"font-family: times new roman,times,serif;\">Hier ein bericht des Veranstalters:<\/span><\/span><\/p>\n<p><!--more--><\/p>\n<p><span style=\"font-size: 18px;\"><span style=\"font-family: times new roman,times,serif;\"><strong><u>Bericht von der 3. RRL Aktive und 2. RRL U9 in Wei\u00dfwasser<br \/>\n<\/u><\/strong><\/span><\/span><span style=\"font-size: 16px;\"><span style=\"font-family: times new roman,times,serif;\">Zur dritten Rangliste der Aktiven und der zweiten der U9 im Jahr 2019 trafen sich am 28.09.<br \/>\nBadmintonsportler aus Bautzen, G\u00f6rlitz, Gro\u00dfsch\u00f6nau, Sohland, Wei\u00dfwasser und Zittau in Wei\u00dfwasser.<\/span><\/span><\/p>\n<p><span style=\"font-size: 16px;\"><span style=\"font-family: times new roman,times,serif;\">Mit insgesamt 31 Startern bei den Aktiven und 4 bei der U9 war das Starterfeld recht \u00fcbersichtlich.<\/span><\/span><\/p>\n<p><span style=\"font-size: 16px;\"><span style=\"font-family: times new roman,times,serif;\">Erfreulich war das mit 10 Teilnehmerinnen starke Feld der Damen.<\/span><\/span><\/p>\n<p><span style=\"font-size: 16px;\"><span style=\"font-family: times new roman,times,serif;\">Um 9.00 Uhr wurde das Turnier von St. Przymosinski er\u00f6ffnet. Er informierte \u00fcber die Turniermodi w\u00fcnschte allen Teilnehmern viel Erfolg.<\/span><\/span><\/p>\n<p><span style=\"font-size: 16px;\"><span style=\"font-family: times new roman,times,serif;\">Unsere Kleinsten begannen die Wettk\u00e4mpfe.<br \/>\nGespielt wurden nur Einzel. Die drei Jungen und das eine M\u00e4dchen der U9 spielten im Gruppensystem.<br \/>\nHier setzte sich Raphael Weise (Bautzen) vor Hannes Schwarze und Max Radunsky (beide aus Sohland) durch.<br \/>\nAls einziges M\u00e4dchen in der U9 spielte Lina Lesniok gegen die Jungs Ihrer Altersklasse.<br \/>\nDabei lehrte sie den Jungs das F\u00fcrchten und gewann alle Spiele.<\/span><\/span><\/p>\n<p><span style=\"font-size: 16px;\"><span style=\"font-family: times new roman,times,serif;\">Die \u201eGro\u00dfen\u201c spielten im Doppel-KO-System. Da ging es ebenfalls hoch her.<br \/>\nViele Spiele waren hei\u00df umk\u00e4mpft und die Entscheidungen fielen erst in der Verl\u00e4ngerung oder erst nach 3 S\u00e4tzen.<\/span><\/span><\/p>\n<p><span style=\"font-size: 16px;\"><span style=\"font-family: times new roman,times,serif;\">Bei den Damen gewann Jenny Fiedler aus G\u00f6rlitz vor Helena Kr\u00fcger aus Zittau und Fei Xie aus Bautzen.<\/span><\/span><\/p>\n<p><span style=\"font-size: 16px;\"><span style=\"font-family: times new roman,times,serif;\">Die Herrenkonkurrenz wurde in einer A- und B-Turniergruppe ausgetragen.<br \/>\nBei den Herren der Gruppe A siegte Sebastian Menzel aus G\u00f6rlitz vor Vincent Richter aus Bautzen und Jacob Balzer.<\/span><\/span><\/p>\n<p><span style=\"font-size: 16px;\"><span style=\"font-family: times new roman,times,serif;\">Sieger der Gruppe B wurde wieder einmal Jens B\u00f6hm vor Frank Adam (beide Gro\u00dfsch\u00f6nau) und Benjamin Domeier aus Bautzen.<\/span><\/span><\/p>\n<p><span style=\"font-size: 16px;\"><span style=\"font-family: times new roman,times,serif;\">Herzlichen Gl\u00fcckwunsch an die Sieger und Platzierten.<\/span><\/span><\/p>\n<p><span style=\"font-size: 16px;\"><span style=\"font-family: times new roman,times,serif;\">Der SV Gr\u00fcn-Wei\u00df Wei\u00dfwasser m\u00f6chte sich bei allen Spielern und Betreuern f\u00fcr das gute Gelingen und die z\u00fcgige Durchf\u00fchrung des Turniers bedanken.<\/span><\/span><\/p>\n<p><span style=\"font-size: 16px;\"><span style=\"font-family: times new roman,times,serif;\"><strong>Thomas Binkofski<br \/>\n<\/strong><\/span><\/span><span style=\"font-size: 16px;\"><span style=\"font-family: times new roman,times,serif;\"><strong>-SV Gr\u00fcn-Wei\u00df Wei\u00dfwasser, Abteilung Badminton-<\/strong><\/span><\/span><\/p>\n","protected":false},"excerpt":{"rendered":"<p>Ergebnisse bei KROTON \u00a0\u00a0\u00a0 [klick hier] Bildergalerie:\u00a0\u00a0\u00a0\u00a0\u00a0 \u00a0 \u00a0 \u00a0 \u00a0\u00a0 \u00a0 \u00a0 \u00a0\u00a0 \u00a0\u00a0 [klick hier]\u00a0 \u00a0 \u00a0\u00a0 \u00a0 \u00a0 \u00a0\u00a0 \u00a0 &nbsp; &nbsp; &nbsp; \u00a0 Am 28.09.2019 fanden&#8230;<\/p>\n<p class=\"more-link-wrap\"><a href=\"https:\/\/rvo.wiese-jens.de\/?p=209\" class=\"more-link\">Read More<span class=\"screen-reader-text\"> &ldquo;Bericht 2.RRL U9+3.RRL Aktive am 28.09.2019 in Wei\u00dfwasser&rdquo;<\/span> &raquo;<\/a><\/p>\n","protected":false},"author":16,"featured_media":0,"comment_status":"closed","ping_status":"closed","sticky":false,"template":"","format":"standard","meta":{"footnotes":""},"categories":[3],"tags":[],"class_list":["post-209","post","type-post","status-publish","format-standard","hentry","category-berichte"],"_links":{"self":[{"href":"https:\/\/rvo.wiese-jens.de\/index.php?rest_route=\/wp\/v2\/posts\/209","targetHints":{"allow":["GET"]}}],"collection":[{"href":"https:\/\/rvo.wiese-jens.de\/index.php?rest_route=\/wp\/v2\/posts"}],"about":[{"href":"https:\/\/rvo.wiese-jens.de\/index.php?rest_route=\/wp\/v2\/types\/post"}],"author":[{"embeddable":true,"href":"https:\/\/rvo.wiese-jens.de\/index.php?rest_route=\/wp\/v2\/users\/16"}],"replies":[{"embeddable":true,"href":"https:\/\/rvo.wiese-jens.de\/index.php?rest_route=%2Fwp%2Fv2%2Fcomments&post=209"}],"version-history":[{"count":0,"href":"https:\/\/rvo.wiese-jens.de\/index.php?rest_route=\/wp\/v2\/posts\/209\/revisions"}],"wp:attachment":[{"href":"https:\/\/rvo.wiese-jens.de\/index.php?rest_route=%2Fwp%2Fv2%2Fmedia&parent=209"}],"wp:term":[{"taxonomy":"category","embeddable":true,"href":"https:\/\/rvo.wiese-jens.de\/index.php?rest_route=%2Fwp%2Fv2%2Fcategories&post=209"},{"taxonomy":"post_tag","embeddable":true,"href":"https:\/\/rvo.wiese-jens.de\/index.php?rest_route=%2Fwp%2Fv2%2Ftags&post=209"}],"curies":[{"name":"wp","href":"https:\/\/api.w.org\/{rel}","templated":true}]}}