{"id":2113,"date":"2021-08-30T10:22:24","date_gmt":"2021-08-30T08:22:24","guid":{"rendered":"https:\/\/rvoneu.bvsachsen.de\/?p=2113"},"modified":"2021-08-30T10:22:24","modified_gmt":"2021-08-30T08:22:24","slug":"bericht-1-rrl-u15-aktive-2-rrl-u9-am-28-08-2021-in-grossschoenau","status":"publish","type":"post","link":"https:\/\/rvo.wiese-jens.de\/?p=2113","title":{"rendered":"Bericht 1.RRL u15\/ Aktive, 2.RRL u9 am 28.08.2021 in Gro\u00dfsch\u00f6nau"},"content":{"rendered":"<table style=\"width: 99.2063%; height: 181px;\" border=\"0\" width=\"763\" cellspacing=\"1\" cellpadding=\"1\" align=\"left\">\n<tbody>\n<tr>\n<td style=\"text-align: right; vertical-align: middle; width: 38.9514%;\"><span style=\"font-family: times new roman, times, serif; font-size: 16px;\"><a href=\"https:\/\/photos.app.goo.gl\/S9Rc2Lx3SpRkGzcD6\" target=\"_blank\" rel=\"noopener\"><img fetchpriority=\"high\" decoding=\"async\" class=\"alignnone\" src=\"https:\/\/lh3.googleusercontent.com\/o_ll9yp9U-VROKarldIRachvNneRFTAdlIExgbnBmbA2ZHgMqTYqVVLv-HdSJUAR5CKCcx0PUhRZlWgJgFAsxsZt4cjqiXgSZpP6wXYqrmJ_DgaQraRbpmdepMAQPu4Nx2PM28ZvP0TuqQzNxp4IxyN8kwW4xnfb36t3t4hUyAnQmko5RzXjbUVekstaFHbQeErXVnYzc4srmAdMuNvIva0TT01nj5L37iP_HvN6IXxQ-SzOClBc4TuI2v7OhxJ7qe8ujSfR5wmowaY4Meo2ZFu1qo6i5j2Vaiv9mpZvALDIlMR8NzUfdTGYJc9D74N6bdrnKqLuL2Qp0swthANtJo1Yuh-cQIXA8DJtHLLFkO_nDTcrlZ2G6KaE62HnsuoQNI9g_XFVuXt0YSzAB8GP_y8yv0h5e-XFV-JCCfu6n4I-UeDN7TD--A6CeQL1bCq8VvJo1aasRCVwHgJkM6-YIynagOGqUHkwxGCzXv2lckn-gnudVvYcFBfNvikOUqwk4-9SftpVuU0Nd_2pKDBQ67-NxKKsrjpDnKelpSmA6e2K52tO_vEjImLub9En8K0tpqekFRlaa6X_2VcNUqDwtKgj_umdpYi42WoYTsRJA2ZYGw5RyvMFIaS2fS-IBD4Km4TPW8ohUxuXigJSZ3opinZdT5OYR-TH-vfXjBNgU27erS7_1ZPKZhCqwl3KBrI0Nm5OBIERJRsL0UfmL2_iIsYIPHH4wxR55Zv7IIe3Isx0kTeIf-PczyvwNDW2NtSleMqdz0VGkpnytKtq=w408-h272-no?authuser=0\" alt=\"\" width=\"408\" height=\"272\" \/><\/a><\/span><\/td>\n<td style=\"width: 64.7606%;\">\n<p style=\"margin-right: 40px; margin-left: 40px; padding-left: 40px;\"><span style=\"font-size: 16px; font-family: times new roman, times, serif;\"><strong><span style=\"color: #000000;\">Ergebnisse bei Turnier.de<br \/>\n<a href=\"https:\/\/www.turnier.de\/sport\/tournament?id=612FFF2A-B900-4282-95DA-E987151452BB\" target=\"_blank\" rel=\"noopener\">[klick hier]<\/a><\/span><\/strong><\/span><\/p>\n<p style=\"margin-right: 40px; margin-left: 40px; padding-left: 40px;\"><span style=\"font-size: 16px; font-family: times new roman, times, serif;\"><strong><span style=\"color: #000000;\">Fotogalerie<br \/>\n<a href=\"https:\/\/photos.app.goo.gl\/S9Rc2Lx3SpRkGzcD6\" target=\"_blank\" rel=\"noopener\">[klick hier<\/a><a href=\"https:\/\/www.turnier.de\/sport\/tournament?id=AE3840D2-BE18-409F-B6AA-35D1AE8EA9EA\" target=\"_blank\" rel=\"noopener\">]<\/a><br \/>\n<\/span><\/strong><\/span><\/p>\n<\/td>\n<\/tr>\n<\/tbody>\n<\/table>\n<p>&nbsp;<\/p>\n<p>&nbsp;<\/p>\n<p>&nbsp;<\/p>\n<p>&nbsp;<\/p>\n<p><span style=\"font-family: times new roman, times, serif; font-size: 16px; color: #000000;\">Der TSV Gro\u00dfsch\u00f6nau war Ausrichter der 1.RRL u15\/ Aktive, 2.RRL u9 <\/span><br \/>\n<span style=\"color: #000000; font-family: times new roman, times, serif; font-size: 16px;\">Hier ein Bericht des Veranstalters :<br \/>\n<!--more--><\/span><\/p>\n<p><span style=\"text-decoration: underline; font-size: 16px;\"><span style=\"font-family: times new roman, times, serif;\"><strong>Bericht von der 1.RRL u15 \/ Aktive, 2.RRL u9 in Gro\u00dfsch\u00f6nau<\/strong><\/span><\/span><\/p>\n<p><span style=\"font-size: 16px; font-family: georgia, palatino, serif; color: #000000;\">Zur ersten Regionalrangliste der AK u15 \/ Aktive und 2.RRL der AK u9 trafen sich am 28.08.2021 wieder Badmintonspieler aus Zittau, G\u00f6rlitz, Gro\u00dfsch\u00f6nau, Bautzen und Sohland in Gro\u00dfsch\u00f6nau.<br \/>\nMit insgesamt 24 Startern in den drei Altersklassen war das Starterfeld ziemlich \u00fcberschaubar.<br \/>\nWie schon in der Vergangenheit konnte dieses Turnier nur unter Einhaltung entsprechender Regeln und Pflichten in Zusammenhang mit der Corona-Pandemie stattfinden.<\/span><\/p>\n<p><span style=\"font-family: georgia, palatino, serif; font-size: 16px; color: #000000;\">Gespielt wurde in allen drei Altersklassen, teilweise Corona bedingt, nur Einzel im Gruppen-KO-System. Positiv m\u00f6chte ich wieder erw\u00e4hnen, dass wir wieder 4 Teilnehmer in der AK u9 hatten. Weiter so!<\/span><\/p>\n<p><span style=\"font-family: georgia, palatino, serif; font-size: 16px; color: #000000;\">Zuerst konnten gleich unsere Kleinsten ihr K\u00f6nnen unter Beweis stellen. Was da teilweise zu sehen war, war schon sehr beachtlich und macht auch viel Hoffnung f\u00fcr die Zukunft.<br \/>\nBei den M\u00e4dchen siegte die erst 7- j\u00e4hrige Mia Sophie W\u00fcnsche aus Gro\u00dfsch\u00f6nau.<br \/>\nIm Jungeneinzel gab es dann auch viele spannende Spiele zu sehen. Viele von ihnen wurden erst im 5. Satz entschieden. Am Ende gewann Emil M\u00fcller vor Marvin Noack. Dritter wurde Willi Tilgner, alle vom TSV Gro\u00dfsch\u00f6nau.<\/span><\/p>\n<p><span style=\"font-family: georgia, palatino, serif; font-size: 16px; color: #000000;\">Bei den Jungs in der AK u15 gewann unangefochten Cedric Domeier vom MSV Bautzen 04, vor Eric Schmidt aus Gro\u00dfsch\u00f6nau und seinem Mannschaftkameraden Colin Block aus Bautzen.<br \/>\nDie M\u00e4dchenkonkurrenz u15 wurde von Anna Voigt vom TSV Gro\u00dfsch\u00f6nau gewonnen. Zweite wurde hier Hannah Bendel aus Bautzen.<\/span><\/p>\n<p><span style=\"font-family: georgia, palatino, serif; font-size: 16px; color: #000000;\">Bei den Aktiven setzte sich im Dameneinzel Laura Bode von der SG Robur Zittau vor Paula Pilop aus Bautzen und Christin Tilgner vom TSV Gro\u00dfsch\u00f6nau durch. Die Herrenkonkurrenz wurde wieder in einem A- und B \u2013 Turnier ausgetragen. Bei den Herren A siegte Eduard Terentev vor Leon Lemle, beide vom MSV Bautzen 04. Dritte wurde hier Sebastian Menzel vom 1.BV G\u00f6rlitz. Der Sieger im B \u2013 Turnier kam diesmal wieder aus Gro\u00dfsch\u00f6nau. Es gewann Jens B\u00f6hm, vor Maximilian Friedrich und Andre Hentschke, alle vom TSV Gro\u00dfsch\u00f6nau. Herzlichen Gl\u00fcckwunsch an die Sieger und Platzierten.<\/span><\/p>\n<p><span style=\"font-family: georgia, palatino, serif; font-size: 16px; color: #000000;\">Fazit: Es waren spannende und umk\u00e4mpfte Spiele zu sehen. Was es da teilweise zu sehen gab, war schon beachtlich. Leider waren diesmal nur 24 Sportfreunde in den 3 Altersklassen am Start, was ziemlich entt\u00e4uschend f\u00fcr den Veranstalter war, zumal er die H\u00e4lfte der Teilnehmer noch selber stellte! So wird es in der Zukunft schwer werden, Veranstalter f\u00fcr die zuk\u00fcnftigen RRL zu finden!<\/span><\/p>\n<p><span style=\"font-size: 16px; font-family: georgia, palatino, serif; color: #000000;\"><strong>Frank Adam<br \/>\n-TSV Gro\u00dfsch\u00f6nau, Abteilung Badminton-<\/strong><\/span><\/p>\n<p>&nbsp;<\/p>\n<p>&nbsp;<\/p>\n<p>&nbsp;<\/p>\n<p>&nbsp;<\/p>\n","protected":false},"excerpt":{"rendered":"<p>Ergebnisse bei Turnier.de [klick hier] Fotogalerie [klick hier] &nbsp; &nbsp; &nbsp; &nbsp; Der TSV Gro\u00dfsch\u00f6nau war Ausrichter der 1.RRL u15\/ Aktive, 2.RRL u9 Hier ein Bericht des Veranstalters :<\/p>\n","protected":false},"author":13,"featured_media":0,"comment_status":"closed","ping_status":"closed","sticky":false,"template":"","format":"standard","meta":{"footnotes":""},"categories":[3],"tags":[],"class_list":["post-2113","post","type-post","status-publish","format-standard","hentry","category-berichte"],"_links":{"self":[{"href":"https:\/\/rvo.wiese-jens.de\/index.php?rest_route=\/wp\/v2\/posts\/2113","targetHints":{"allow":["GET"]}}],"collection":[{"href":"https:\/\/rvo.wiese-jens.de\/index.php?rest_route=\/wp\/v2\/posts"}],"about":[{"href":"https:\/\/rvo.wiese-jens.de\/index.php?rest_route=\/wp\/v2\/types\/post"}],"author":[{"embeddable":true,"href":"https:\/\/rvo.wiese-jens.de\/index.php?rest_route=\/wp\/v2\/users\/13"}],"replies":[{"embeddable":true,"href":"https:\/\/rvo.wiese-jens.de\/index.php?rest_route=%2Fwp%2Fv2%2Fcomments&post=2113"}],"version-history":[{"count":0,"href":"https:\/\/rvo.wiese-jens.de\/index.php?rest_route=\/wp\/v2\/posts\/2113\/revisions"}],"wp:attachment":[{"href":"https:\/\/rvo.wiese-jens.de\/index.php?rest_route=%2Fwp%2Fv2%2Fmedia&parent=2113"}],"wp:term":[{"taxonomy":"category","embeddable":true,"href":"https:\/\/rvo.wiese-jens.de\/index.php?rest_route=%2Fwp%2Fv2%2Fcategories&post=2113"},{"taxonomy":"post_tag","embeddable":true,"href":"https:\/\/rvo.wiese-jens.de\/index.php?rest_route=%2Fwp%2Fv2%2Ftags&post=2113"}],"curies":[{"name":"wp","href":"https:\/\/api.w.org\/{rel}","templated":true}]}}