{"id":218,"date":"2020-10-20T22:33:00","date_gmt":"2020-10-20T20:33:00","guid":{"rendered":"https:\/\/rvo.bvsachsen.de\/wp\/wordpress\/2020\/10\/20\/rrl-2020-10-17\/"},"modified":"2020-10-20T22:33:00","modified_gmt":"2020-10-20T20:33:00","slug":"rrl-2020-10-17","status":"publish","type":"post","link":"https:\/\/rvo.wiese-jens.de\/?p=218","title":{"rendered":"Bericht 2.RRL U13\/U17 am 17.10.2020 in Wei\u00dfwasser"},"content":{"rendered":"<table style=\"width: 99.2063%; height: 181px;\" border=\"0\" width=\"763\" cellspacing=\"1\" cellpadding=\"1\" align=\"left\">\n<tbody>\n<tr>\n<td style=\"text-align: right; vertical-align: middle; width: 38.9514%;\"><span style=\"font-size: 16px;\"><span style=\"font-family: times new roman,times,serif;\"><img fetchpriority=\"high\" decoding=\"async\" class=\" alignleft wp-image-217\" style=\"float: left;\" src=\"https:\/\/rvo.bvsachsen.de\/wp\/wordpress\/wp-content\/uploads\/2020\/10\/IMG_9089-scaled.jpg\" alt=\"\" width=\"278\" height=\"208\" \/><\/span><\/span><\/td>\n<td style=\"width: 64.7606%;\">\n<p style=\"margin-right: 40px; margin-left: 40px;\"><span style=\"font-size: 16px;\"><span style=\"font-family: times new roman,times,serif;\"><strong><span style=\"color: #000000;\">Ergebnisse bei KROTON<br \/>\n<a href=\"https:\/\/www.turnier.de\/sport\/tournament?id=FF403F98-8E52-4A75-8CC1-065DDA7F2CD4\" target=\"_blank\" rel=\"noopener\">[klick hier]<\/a> <\/span><\/strong><\/span><\/span><\/p>\n<\/td>\n<\/tr>\n<\/tbody>\n<\/table>\n<p>&nbsp;<\/p>\n<p>&nbsp;<\/p>\n<p>&nbsp;<\/p>\n<p>&nbsp;<\/p>\n<p><span style=\"color: #000000;\"><br \/>\nAm 17.10.2020 fand in Wei\u00dfwasser die 2.RRL U13\/U17 statt<\/span><br \/>\n<span style=\"color: #000000;\"><span style=\"font-size: 16px;\"><span style=\"font-family: times new roman,times,serif;\">Hier ein bericht des Veranstalters: <\/span><\/span><!--more--><\/span><\/p>\n<p><span style=\"font-size: 16px; color: #000000;\"><span style=\"font-family: times new roman,times,serif;\"><strong>Bericht zur RRL U13 und-U17 am 17.10.2020 in Wei\u00dfwasser<\/strong><\/span><\/span><\/p>\n<p><span style=\"font-size: 16px; color: #000000;\"><span style=\"font-family: times new roman,times,serif;\">Die 2. Regionalrangliste der AK U13 und der AK U17 fanden am 17.10.2020 statt. <\/span><\/span><\/p>\n<p><span style=\"font-size: 16px; color: #000000;\"><span style=\"font-family: times new roman,times,serif;\">Nach Wei\u00dfwasser kam eine kleine Truppe von 25 Spieler und Spielerinnen aus Bautzen, G\u00f6rlitz, Gro\u00dfsch\u00f6nau, Sohland, Zittau<br \/>\nsowie aus der Gastgeberstadt. Sie k\u00e4mpften um den Titel Oberlausitzmeister in ihren Altersklassen.<\/span><\/span><\/p>\n<p><span style=\"font-size: 16px; color: #000000;\"><span style=\"font-family: times new roman,times,serif;\">Um 9.00 Uhr wurde das Turnier von St. Przymosinski, dem Vorsitzenden der Abt. Badminton des SV Gr\u00fcn-wei\u00df Wei\u00dfwasser er\u00f6ffnet.<br \/>\nEr informierte \u00fcber die Turniermodi w\u00fcnschte allen Teilnehmern viel Erfolg.<\/span><\/span><\/p>\n<p><span style=\"font-size: 16px; color: #000000;\"><span style=\"font-family: times new roman,times,serif;\">Es wurden nur Einzel gespielt. Zuerst in Gruppen jeder gegen jeden, danach wurden die Platzierungen ausgespielt.<\/span><\/span><\/p>\n<p><span style=\"font-size: 16px; color: #000000;\"><span style=\"font-family: times new roman,times,serif;\">Es ging schon eifrig zur Sache. Schlie\u00dflich bekam jeder Spieler entsprechend seiner Platzierung Punkte f\u00fcr die Endabrechnung in der Rangliste.<br \/>\nSo mancher Betreuer gab in den Spielpausen noch schnell hilfreiche Tipps , um ihre Sch\u00fctzlinge wieder auf die Erfolgsspur zu bringen.<\/span><\/span><\/p>\n<p><span style=\"font-size: 16px; color: #000000;\"><span style=\"font-family: times new roman,times,serif;\">Nach einem reibungslosen Turnierablauf, konnten am Nachmittag die Sieger und Platzierten mit Urkunden und Medaillen geehrt werden.<\/span><\/span><\/p>\n<p><span style=\"font-size: 16px; color: #000000;\"><span style=\"font-family: times new roman,times,serif;\">Im Anschluss daran f\u00fchrte der Kinder- und Jugendwart Frank Adam noch die Siegerehrung der Abschluss-RRL der U13 und U17 durch.<br \/>\nNeben Urkunden bekamen die drei Erstplatzierten noch schicke Pokale.<\/span><\/span><\/p>\n<p><span style=\"color: #000000;\"><span style=\"font-size: 16px;\"><span style=\"font-family: times new roman,times,serif;\"><strong>Thomas Binkofski<br \/>\n<\/strong><\/span><\/span><span style=\"font-size: 16px;\"><span style=\"font-family: times new roman,times,serif;\"><strong>SV Gr\u00fcn-Wei\u00df Wei\u00dfwasser<br \/>\n<\/strong><\/span><\/span><span style=\"font-size: 16px;\"><span style=\"font-family: times new roman,times,serif;\"><strong>Abteilung Badminton<\/strong><\/span><\/span><\/span><\/p>\n","protected":false},"excerpt":{"rendered":"<p>Ergebnisse bei KROTON [klick hier] &nbsp; &nbsp; &nbsp; &nbsp; Am 17.10.2020 fand in Wei\u00dfwasser die 2.RRL U13\/U17 statt Hier ein bericht des Veranstalters:<\/p>\n","protected":false},"author":16,"featured_media":0,"comment_status":"closed","ping_status":"open","sticky":false,"template":"","format":"standard","meta":{"footnotes":""},"categories":[3],"tags":[],"class_list":["post-218","post","type-post","status-publish","format-standard","hentry","category-berichte"],"_links":{"self":[{"href":"https:\/\/rvo.wiese-jens.de\/index.php?rest_route=\/wp\/v2\/posts\/218","targetHints":{"allow":["GET"]}}],"collection":[{"href":"https:\/\/rvo.wiese-jens.de\/index.php?rest_route=\/wp\/v2\/posts"}],"about":[{"href":"https:\/\/rvo.wiese-jens.de\/index.php?rest_route=\/wp\/v2\/types\/post"}],"author":[{"embeddable":true,"href":"https:\/\/rvo.wiese-jens.de\/index.php?rest_route=\/wp\/v2\/users\/16"}],"replies":[{"embeddable":true,"href":"https:\/\/rvo.wiese-jens.de\/index.php?rest_route=%2Fwp%2Fv2%2Fcomments&post=218"}],"version-history":[{"count":0,"href":"https:\/\/rvo.wiese-jens.de\/index.php?rest_route=\/wp\/v2\/posts\/218\/revisions"}],"wp:attachment":[{"href":"https:\/\/rvo.wiese-jens.de\/index.php?rest_route=%2Fwp%2Fv2%2Fmedia&parent=218"}],"wp:term":[{"taxonomy":"category","embeddable":true,"href":"https:\/\/rvo.wiese-jens.de\/index.php?rest_route=%2Fwp%2Fv2%2Fcategories&post=218"},{"taxonomy":"post_tag","embeddable":true,"href":"https:\/\/rvo.wiese-jens.de\/index.php?rest_route=%2Fwp%2Fv2%2Ftags&post=218"}],"curies":[{"name":"wp","href":"https:\/\/api.w.org\/{rel}","templated":true}]}}