{"id":2454,"date":"2022-05-28T23:04:16","date_gmt":"2022-05-28T21:04:16","guid":{"rendered":"https:\/\/rvoneu.bvsachsen.de\/?p=2454"},"modified":"2022-05-28T23:04:16","modified_gmt":"2022-05-28T21:04:16","slug":"bericht-2-rrl-u9-u15-aktive-am-28-05-2022-in-goerlitz","status":"publish","type":"post","link":"https:\/\/rvo.wiese-jens.de\/?p=2454","title":{"rendered":"Bericht 2. RRL u9\/u15\/Aktive am 28.05.2022 in G\u00f6rlitz"},"content":{"rendered":"<table style=\"width: 99.2063%; height: 174px;\" border=\"0\" width=\"763\" cellspacing=\"1\" cellpadding=\"1\" align=\"left\">\n<tbody>\n<tr style=\"height: 174px;\">\n<td style=\"text-align: right; vertical-align: middle; width: 38.9514%; height: 174px;\"><a href=\"https:\/\/photos.app.goo.gl\/zrVfZvbVcU5Ao9UP8\"><img fetchpriority=\"high\" decoding=\"async\" class=\"alignnone\" src=\"https:\/\/lh3.googleusercontent.com\/3Hfcm7ZBeTcUilJXZFg4sM7BaOc95GECTCcxLNJB9tEmAXmJyqTGfsg4qZlR8iYBU4qLitv9g_-QpPJf29JwLul60fBwKX8dBqFopy0mLbQV9UGvfQLFRingdUMcVAm-xWJIDBgNiS6a87IEhvGPKtlwae6pcV8a0B_jEZwOc68y2dBWRDPfjLHsxfMKm0hCU7YXJHtHOAIJ_lZwGMgH4-FxPggCrTqsR5spbdx1Ylpa5zw3-eDPfmXgBs3AIuFtjPbr-hZSkJa2Nlf3SKRPSuqQ60xUwDhqKd8o49CcIobnxupI6PhQ3ToKJh3q-kH3sfgoNKpXsjWzG-RMpVzX7LomcE3XilIpIFXJY4PT9W-Us86ntHbGafahX7g_8II_f0gPccaVYGc_eBKi4FGUI7eu0zzrmWBoeKXlS0o9PWQYy9WXU81LcSNNsM7OspFLZfqyqFtFk_ehOSCQMfU-1atijNBqlO2gV20TMWO7Mc3PY8F1L9OUAbwaLYCp2R045ljBof3OAeprIyqu54iRFGPpMoyBA4hFouLy5O7_VEWsbbATHeo-8-RCE1Q8vH4If60I0ni_5Bxw4nO7qZYvhxcxGy9MFXZzMRJBctnQc9S6YsYliex_OjtLeJRGzD6m8xReTJSr84IceutGdCfnM2oyTNmUBR8YsoVKIqr68w187BXCUEEwWymbQow6I3B0yeJ-oAuMmMBxPrqNkOe0n-5JH2OOG9OnFu_MKot55Nf2G9SiSciUsOgCTw2J8t28-ARa80hfQa9epI1zso5-Hz_RDpwAiPizH8BN6bqRqW9pG4alFN3QF60=w478-h358-no?authuser=0\" alt=\"\" width=\"321\" height=\"240\" \/><\/a><\/td>\n<td style=\"width: 64.7606%; height: 174px;\">\n<p style=\"margin-right: 40px; margin-left: 40px; padding-left: 40px;\"><span style=\"font-size: 16px; font-family: times new roman, times, serif;\"><strong><span style=\"color: #000000;\">Ergebnisse bei Turnier.de<br \/>\n<a href=\"https:\/\/www.turnier.de\/sport\/tournament?id=54E204A0-DBD5-481A-8229-A22350C809F9\" target=\"_blank\" rel=\"noopener\">[klick hier]<\/a><\/span><\/strong><\/span><\/p>\n<p style=\"margin-right: 40px; margin-left: 40px; padding-left: 40px;\"><span style=\"font-size: 16px; font-family: times new roman, times, serif;\"><strong><span style=\"color: #000000;\">Fotogalerie<br \/>\n<a href=\"https:\/\/photos.app.goo.gl\/zrVfZvbVcU5Ao9UP8\" target=\"_blank\" rel=\"noopener\">[klick hier<\/a><a href=\"https:\/\/www.turnier.de\/sport\/tournament?id=AE3840D2-BE18-409F-B6AA-35D1AE8EA9EA\" target=\"_blank\" rel=\"noopener\">]<\/a><br \/>\n<\/span><\/strong><\/span><\/p>\n<\/td>\n<\/tr>\n<\/tbody>\n<\/table>\n<p>&nbsp;<\/p>\n<p>&nbsp;<\/p>\n<p>&nbsp;<\/p>\n<p><span style=\"font-family: times new roman, times, serif;\"><span style=\"font-size: 16px; color: #000000;\">Der 1. BV G\u00f6rlitz war Ausrichter der 2.RRL u9, u15 und Aktive am 28.05.2022<br \/>\nHier ein Bericht des Veranstalters<\/span><span style=\"color: #000000; font-size: 16px;\">:<\/span><\/span><span style=\"font-family: times new roman, times, serif;\"><span style=\"color: #000000; font-size: 16px;\"><!--more--><\/span><\/span><\/p>\n<p><span style=\"font-size: 20px; color: #000000;\"><strong><span style=\"font-family: times new roman, times, serif;\">Bericht 2.RRL u9\/u15\/Aktive am 28.05.2022 in G\u00f6rlitz<\/span><\/strong><\/span><\/p>\n<p><span style=\"font-family: times new roman, times, serif; font-size: 16px; color: #000000;\">Insgesamt 44 Badmintonfreunde aus 8 Vereinen trafen sich in der Emil-von-Schenckendorff-Halle G\u00f6rlitz, um ihr K\u00f6nnen unter Beweis zu stellen.<br \/>\nDie Vereine aus Bautzen (11 Sportfreunde) und Gro\u00dfsch\u00f6nau (13 Sportfreunde) meldeten die meisten Teilnehmer !<\/span><\/p>\n<p><span style=\"font-family: times new roman, times, serif; font-size: 16px; color: #000000;\">P\u00fcnktlich um 9:00 Uhr er\u00f6ffnete Karsten Putschke das Turnier, und begr\u00fc\u00dfte alle TeilnehmerInnen mit der Bekanntgabe der Turniermodalit\u00e4ten sowie den ersten Spielansetzungen.<\/span><\/p>\n<p><span style=\"font-family: times new roman, times, serif; font-size: 16px; color: #000000;\">Die ersten Spiele waren unseren \u201eKleinsten\u201c vorbehalten. Mit viel Enthusiasmus und bewundernswerter Ausdauer<br \/>\n(jeweils 3 Spiele \u201eBest of Five\u201c bis 11 Pkt.) absolvierten jeweils 4 M\u00e4dchen und Jungs die Spiele.<br \/>\nImmer intensiv umsorgt von ihren Betreuern und Trainern.<br \/>\nGewinner waren hier alle, aber es musste eben auch Sieger und Platzierte geben.<br \/>\nSo gewann im M\u00e4dcheneinzel Mia Sophie W\u00fcnsche (TSV Gro\u00dfsch\u00f6nau) vor Julia Eckert (MSV Bautzen)<br \/>\nund Hanna Noreen W\u00fcnsche (TSV Gro\u00dfsch\u00f6nau) sowie Valerie Theresia Lichtenstein aus Sohland.<\/span><\/p>\n<p><span style=\"font-family: times new roman, times, serif; font-size: 16px; color: #000000;\">Finn Niclas Ohlberg aus Gro\u00dfsch\u00f6nau gewann das Jungeneinzel vor den Bautzenern Willy Benofsky<br \/>\nund Mats Jais sowie Anton Beutlich aus Sohland.<\/span><br \/>\n<span style=\"font-family: times new roman, times, serif; font-size: 16px; color: #000000;\">Belohnt wurden die \u201eKleinen\u201c mit Urkunden und einer Extrasiegerehrung.<\/span><\/p>\n<p><span style=\"font-family: times new roman, times, serif; font-size: 16px; color: #000000;\">Nat\u00fcrlich ging inzwischen das Wettkampfgeschehen weiter. Die Altersklasse U15 sowie die Aktiven zeigten ihr K\u00f6nnen. <\/span><br \/>\n<span style=\"font-family: times new roman, times, serif; font-size: 16px; color: #000000;\">Das M\u00e4dcheneinzel U15 gewann Nora Karl vom TV Ochsenfurt 1862 (Bayern) vor Nele Wendt (TSV Gro\u00dfsch\u00f6nau)<br \/>\nund Anna Voigt ebenfalls aus Gro\u00dfsch\u00f6nau.<\/span><\/p>\n<p><span style=\"font-family: times new roman, times, serif; font-size: 16px; color: #000000;\">Mit 10 Startern war das Jungeneinzel gut besetzt. Nach teilweise spannenden Spielen setzte sich der Favorit Malte Schwarze (BV Sohland) vor Cedric Schmidt und Kurt Skiba (beide Robur Zittau) durch.<\/span><\/p>\n<p><span style=\"font-family: times new roman, times, serif; font-size: 16px; color: #000000;\">Die Doppelkonkurrenzen der U15 ergaben folgende Platzierungen. <\/span><br \/>\n<span style=\"font-family: times new roman, times, serif; font-size: 16px; color: #000000;\">Bei den M\u00e4dchen gewannen Nora Karl\/Katharina Poitz vor Nele Wendt\/Anna Voigt und Amelie Behr\/Hannah Bendel.<\/span><br \/>\n<span style=\"font-family: times new roman, times, serif; font-size: 16px; color: #000000;\"><br \/>\nDas Jungendoppel gewannen Malte und Simon Schwarze nach spannendem Spiel vor <\/span><br \/>\n<span style=\"font-family: times new roman, times, serif; font-size: 16px; color: #000000;\">Cedric Schmidt\/Kurt Skiba. Dritte wurden Fabian Baldt\/Moritz Kaspar und Nico Fl\u00f6ter\/Vincent K\u00e4mmerer.<\/span><\/p>\n<p><span style=\"font-family: times new roman, times, serif; font-size: 16px; color: #000000;\">Auch die Aktiven k\u00e4mpften mit hohem Einsatz um Sieg und Platzierungen. <\/span><br \/>\n<span style=\"font-family: times new roman, times, serif; font-size: 16px; color: #000000;\">Im vereinsinternen Finale (MSV Bautzen) gewann Paula Pilop gegen Ashley Wendler.<\/span><br \/>\n<span style=\"font-family: times new roman, times, serif; font-size: 16px; color: #000000;\">Den 3. Platz sicherte sich in einem spannenden Spiel Tabita Hans (Herrnhuter SV 90).<\/span><\/p>\n<p><span style=\"font-family: times new roman, times, serif; font-size: 16px; color: #000000;\">Im Herreneinzel A stritten \u201edie \u00fcblichen Verd\u00e4chtigen\u201c um die Pl\u00e4tze.<br \/>\nDiesmal gewann Eduard Terentev vor Leon Lemle und Benjamin Domeier (alle aus Bautzen).<\/span><\/p>\n<p><span style=\"font-family: times new roman, times, serif; font-size: 16px; color: #000000;\">Sehr spannend mit vielen knappen Spielen zeichnete sich die Herrenkonkurrenz im B-Turnier aus. <\/span><br \/>\n<span style=\"font-family: times new roman, times, serif; font-size: 16px; color: #000000;\">6 Dreisatz-spiele sprechen f\u00fcr die Ausgeglichenheit der Teilnehmer.<\/span><br \/>\n<span style=\"font-family: times new roman, times, serif; font-size: 16px; color: #000000;\">In einem begeisternden Endspiel setzte sich Jens B\u00f6hm (TSV Gro\u00dfsch\u00f6nau) gegen Adrian Voigt aus Herrnhut durch.<br \/>\nDritter wurde Lenz Liebig aus G\u00f6rlitz.<\/span><\/p>\n<p><span style=\"font-family: times new roman, times, serif; font-size: 16px; color: #000000;\">Danke an alle Sportler und Betreuer f\u00fcr die faire und reibungslose Durchf\u00fchrung der Wettk\u00e4mpfe.<\/span><\/p>\n<p><span style=\"font-family: times new roman, times, serif; font-size: 16px; color: #000000;\">Dank nat\u00fcrlich auch an Karsten, der die Turnierleitung souver\u00e4n meisterte.<br \/>\nEbenfalls danke an die flei\u00dfigen Catering Ladies, die f\u00fcr das leibliche Wohl aller sorgten.<\/span><\/p>\n<p><span style=\"font-family: times new roman, times, serif; font-size: 16px; color: #000000;\">Gl\u00fcckw\u00fcnsche an alle Sieger und Platzierten.<\/span><\/p>\n<p><strong><span style=\"font-family: times new roman, times, serif;\">Lutz Buchal\/Karsten Putschke<\/span><\/strong><br \/>\n<strong><span style=\"font-family: times new roman, times, serif;\">1. BV G\u00f6rlitz<\/span><\/strong><\/p>\n<p>&nbsp;<\/p>\n<p>&nbsp;<\/p>\n<p>&nbsp;<\/p>\n<p><span style=\"font-family: times new roman, times, serif;\"><span style=\"color: #000000; font-size: 16px;\">\u00a0<\/span><\/span><\/p>\n<p>&nbsp;<\/p>\n<p>&nbsp;<\/p>\n<p>&nbsp;<\/p>\n","protected":false},"excerpt":{"rendered":"<p>Ergebnisse bei Turnier.de [klick hier] Fotogalerie [klick hier] &nbsp; &nbsp; &nbsp; Der 1. BV G\u00f6rlitz war Ausrichter der 2.RRL u9, u15 und Aktive am 28.05.2022 Hier ein Bericht des Veranstalters:<\/p>\n","protected":false},"author":15,"featured_media":0,"comment_status":"closed","ping_status":"closed","sticky":false,"template":"","format":"standard","meta":{"footnotes":""},"categories":[3],"tags":[],"class_list":["post-2454","post","type-post","status-publish","format-standard","hentry","category-berichte"],"_links":{"self":[{"href":"https:\/\/rvo.wiese-jens.de\/index.php?rest_route=\/wp\/v2\/posts\/2454","targetHints":{"allow":["GET"]}}],"collection":[{"href":"https:\/\/rvo.wiese-jens.de\/index.php?rest_route=\/wp\/v2\/posts"}],"about":[{"href":"https:\/\/rvo.wiese-jens.de\/index.php?rest_route=\/wp\/v2\/types\/post"}],"author":[{"embeddable":true,"href":"https:\/\/rvo.wiese-jens.de\/index.php?rest_route=\/wp\/v2\/users\/15"}],"replies":[{"embeddable":true,"href":"https:\/\/rvo.wiese-jens.de\/index.php?rest_route=%2Fwp%2Fv2%2Fcomments&post=2454"}],"version-history":[{"count":0,"href":"https:\/\/rvo.wiese-jens.de\/index.php?rest_route=\/wp\/v2\/posts\/2454\/revisions"}],"wp:attachment":[{"href":"https:\/\/rvo.wiese-jens.de\/index.php?rest_route=%2Fwp%2Fv2%2Fmedia&parent=2454"}],"wp:term":[{"taxonomy":"category","embeddable":true,"href":"https:\/\/rvo.wiese-jens.de\/index.php?rest_route=%2Fwp%2Fv2%2Fcategories&post=2454"},{"taxonomy":"post_tag","embeddable":true,"href":"https:\/\/rvo.wiese-jens.de\/index.php?rest_route=%2Fwp%2Fv2%2Ftags&post=2454"}],"curies":[{"name":"wp","href":"https:\/\/api.w.org\/{rel}","templated":true}]}}