{"id":2795,"date":"2022-11-29T12:56:54","date_gmt":"2022-11-29T11:56:54","guid":{"rendered":"https:\/\/rvoneu.bvsachsen.de\/?p=2795"},"modified":"2022-11-29T12:56:54","modified_gmt":"2022-11-29T11:56:54","slug":"bericht-3-rrl-der-ak-u15-u19-am-26-11-2022-in-bautzen","status":"publish","type":"post","link":"https:\/\/rvo.wiese-jens.de\/?p=2795","title":{"rendered":"Bericht 3. RRL der AK u15\/u19 am 26.11.2022  in Bautzen"},"content":{"rendered":"<table style=\"width: 98.2558%; height: 185px;\" border=\"0\" width=\"763\" cellspacing=\"1\" cellpadding=\"1\" align=\"left\">\n<tbody>\n<tr style=\"height: 207px;\">\n<td style=\"text-align: right; vertical-align: middle; width: 38.8234%; height: 185px;\"><a href=\"https:\/\/photos.app.goo.gl\/sxGPQwDMW8a5TJSf8\"><img fetchpriority=\"high\" decoding=\"async\" class=\"alignnone\" src=\"https:\/\/lh3.googleusercontent.com\/pw\/AL9nZEXaKZu_B5020eU368_NpzD0RAMHJHPALkLge4_VIYAppczrGMGonT6Nj61CSjwYs-7AkUbMkFuiuQHzbNpyFclhl_vqBZPkHp6w4yZmRqCudrml7jeI1CwqnkJDOjjfthocdNwp8E1jm7PShL4HwERYRC3md0ozxZWlzqlM61hcJjeqFBkKntLNgvg43thV2EnOKIdi1EdTFSpfaQ_RCeeLDJoOInLtme9DPDv2dIbCYCq7vJuuwmrrpCKYRHcangZvRk6rKeKulH8eaUU7h0d3s7rYt1LcW6-jAd1Ww6hZdjit7uLoF5ee6iyBVffhaN-ioo26jSoz7F911xRSGXV-GmniiPrG-ZG9ivnIysWOkC_OCVxex9rBGN6wj_L4TrYWz_040_5xFRJSV7em6jSXz4CQUM70yns4Yq0vhdW4gviv1sVq66c1BMuumL4Gpr8rCvUo0Dt64TFHf8CxBLZHL6oCAJVQujAf4y8bjs3-Z258Dkvx__nafT86BHBsXeyWoXUxDxIIUb5tRc0jwFe-Tet5Rq5h6BtMnvcuWS48wa9piTNKWRa53SZM1lbomHxmP11yzCmQJDmN3QGsLtEVh_MfIWPQu5DPy9kMtOnYVRn6b0fX_lzHaTu9NvG7JFZSQNWhYW24PH5YVFJ90HWk3KGQoBCLN7hsVrPOj2ZZwBc83KSvWusfw5dMFI3YpSCKxDzlSISLjqZ_MoIxCHRmlmzMoy6VEOP-K9w4KQpBOSJuyfpd9iFAR4C_BeG4LxmdbABdh4RdphsFc_euIXPiuAsgBA9na_Qw0d_wUV9hKmWFfdxFhU00AJY8ll-aLIAJh-QOZrGlyFgcepfYNgQWRm-jLeSEYfEz2E2kC_Gvva5UXSVHRYhEhOujlfqsB_KUIrJuTMsPoVKvhDlxNNn82fSMM2LZZXXRhduUEnCRc9x0_bNiT6fjljAqsqaoiCl8erfDnHOrZw=w657-h369-no?authuser=0\" alt=\"\" width=\"656\" height=\"369\" \/><\/a><\/td>\n<td style=\"width: 64.8886%; height: 185px;\">\n<p style=\"margin-right: 40px; margin-left: 40px; padding-left: 40px;\"><span style=\"font-size: 16px; font-family: times new roman, times, serif;\"><strong><span style=\"color: #000000;\">Ergebnisse bei Turnier.de<br \/>\n<\/span><\/strong><\/span><strong><span style=\"font-family: times new roman, times, serif; font-size: 16px;\">\u00a0<a href=\"https:\/\/www.turnier.de\/sport\/events.aspx?id=64b4b92d-ab86-483f-a42f-9a9ae56e1486\" target=\"_blank\" rel=\"noopener\">[klick hier]<\/a><br \/>\n<\/span><\/strong><br \/>\n<span style=\"font-size: 16px; font-family: times new roman, times, serif;\"><strong><span style=\"color: #000000;\"><span style=\"font-family: times new roman, times, serif; font-size: 16px;\">Fotogalerie<br \/>\n<a href=\"https:\/\/photos.app.goo.gl\/sxGPQwDMW8a5TJSf8\" target=\"_blank\" rel=\"noopener\">[klick hier]<\/a><\/span><\/span><span style=\"color: #000000;\"><br \/>\n<\/span><\/strong><\/span><\/p>\n<\/td>\n<\/tr>\n<\/tbody>\n<\/table>\n<p>&nbsp;<\/p>\n<p>&nbsp;<\/p>\n<p>&nbsp;<\/p>\n<p>&nbsp;<\/p>\n<p><span style=\"font-family: georgia, palatino, serif; font-size: 16px; color: #000000;\">Der MSV Bautzen 04 war Ausrichter der 3.RRL u15\/u19<br \/>\n<\/span><span style=\"color: #000000; font-family: times new roman, times, serif; font-size: 16px;\"><span style=\"font-family: georgia, palatino, serif;\">Hier ein Bericht des Veranstalters :<\/span><br \/>\n<!--more--><\/span><\/p>\n<p><span style=\"text-decoration: underline;\"><strong><span style=\"font-family: times new roman, times, serif; font-size: 20px;\">Bericht 3. RRL der AK u15\/u19\u00a0 in Bautzen<\/span><\/strong><\/span><\/p>\n<p><span style=\"color: #000000;\">Am vergangenen Wochenende hat es alle eiskalt erwischt, und das lag nicht an den Spielen, nein &#8211; ein Heizungsausfall sorgte f\u00fcr k\u00fchle Temperaturen in der Sporthalle.<\/span><br \/>\n<span style=\"color: #000000;\"> Deshalb ging es darum, einen z\u00fcgigen Turnierablauf durchzuf\u00fchren und dass sich alle immer wieder in Bewegung hielten. Ein Kompliment an die Turnierleitung, die dies gut organisierte.<\/span><\/p>\n<p><span style=\"color: #000000;\">Vor Beginn des Turniers wurden noch die Mannschaftssieger der AK u15 geehrt. <\/span><br \/>\n<span style=\"color: #000000;\">Es gewannder TSV Gro\u00dfsch\u00f6nau vor dem MSV Bautzen 04.<\/span><br \/>\n<span style=\"color: #000000;\"> Eine Woche vorher standen bei der AK u11 die gleichen Sieger und Platzierten fest. <\/span><br \/>\n<span style=\"color: #000000;\">Hier ging es aber sehr knapp zu, denn beide Spiele gingen 4:4 aus, sodass die Satzpunkte zugunsten des TSV Gro\u00dfsch\u00f6nau entschieden.<\/span><\/p>\n<p><span style=\"color: #000000;\">Nun zur 3. RRL in Bautzen. Gro\u00dfe \u00dcberraschungen blieben aus, und so konnten sich alle Favoriten am Ende auch durchsetzen. Gespielt wurde sowohl Einzel als auch Doppel.<\/span><\/p>\n<p><span style=\"color: #000000;\">Das Turnier in der AK u15 bei den M\u00e4dchen gewann Anna Voigt vor Nele Wendt, beide aus Gro\u00dfsch\u00f6nau.<\/span><br \/>\n<span style=\"color: #000000;\">Den 3. Platz belegte Merle Wippich aus Zittau. <\/span><br \/>\n<span style=\"color: #000000;\">Bei den Jungen gewann unangefochten Malte Schwarze aus Sohland vor Ben Die\u00dfner aus Zittau und \u00fcberraschend\u00a0 Benno Dehnke aus Bautzen. <\/span><br \/>\n<span style=\"color: #000000;\">Beide Sieger gewannen auch die Gesamtrangliste 2022. Die Gesamtm\u00e4dchenkonkurrenz gewann Anna Voigt vor Nele Wendt (beide aus Gro\u00dfsch\u00f6nau) und Amelie Behr aus Bautzen.<\/span><br \/>\n<span style=\"color: #000000;\">Die Jungenkonkurrenz gewann Malte Schwarze aus Sohland vor Cedric Schmidt und Ben Die\u00dfner (beide aus Zittau).<\/span><\/p>\n<p><span style=\"color: #000000;\">Bei den Damen der AK u19 traten leider nur zwei Sportlerinnen an, hier ging es sowohl um den Tagessieg als auch um den Gesamtsieg. <\/span><br \/>\n<span style=\"color: #000000;\">Am Ende setzte sich hier in beiden Wertungen Alia Quarte vom SV Gr\u00fcn-Wei\u00df Wei\u00dfwasser gegen Nina Eichler vom 1. BV G\u00f6rlitz durch. Dritte der Gesamtwertung wurde Sandra Kr\u00fcger aus Zittau.<\/span><br \/>\n<span style=\"color: #000000;\">Bei den Herren gab es schon in der Vorrunde spannende und gutklassige Spiele.<\/span><br \/>\n<span style=\"color: #000000;\">Letztendlich setzte sich der Gesamtsieger Maximilian Friedrich vom TSV Gro\u00dfsch\u00f6nau vor Cedric Domeier vom MSV Bautzen 04 und Lenz Liebig vom 1. BV G\u00f6rlitz durch. Zweiter der Gesamtrangliste wurde Cedric Domeier aus Bautzen vor Tim Pietschmann vom TSV Gro\u00dfsch\u00f6nau.<\/span><\/p>\n<p><span style=\"color: #000000;\">Nach der Siegerehrung der 3. RRL und den anschlie\u00dfenden Ehrungen der Gesamtrangliste wurden alle in die wohlverdiente Weihnachtsruhe geschickt. Die Sieger und Platzierten der Doppelpartien entnehmt Ihr bitte der Turnierdatei. (wl)<\/span><\/p>\n<p><span style=\"color: #000000;\"><strong>Gudrun &amp; Wolfgang Lenke<br \/>\nMSV Bautzen 04<\/strong><\/span><\/p>\n<p>&nbsp;<\/p>\n<p>&nbsp;<\/p>\n","protected":false},"excerpt":{"rendered":"<p>Ergebnisse bei Turnier.de \u00a0[klick hier] Fotogalerie [klick hier] &nbsp; &nbsp; &nbsp; &nbsp; Der MSV Bautzen 04 war Ausrichter der 3.RRL u15\/u19 Hier ein Bericht des Veranstalters :<\/p>\n","protected":false},"author":17,"featured_media":0,"comment_status":"closed","ping_status":"closed","sticky":false,"template":"","format":"standard","meta":{"footnotes":""},"categories":[3],"tags":[],"class_list":["post-2795","post","type-post","status-publish","format-standard","hentry","category-berichte"],"_links":{"self":[{"href":"https:\/\/rvo.wiese-jens.de\/index.php?rest_route=\/wp\/v2\/posts\/2795","targetHints":{"allow":["GET"]}}],"collection":[{"href":"https:\/\/rvo.wiese-jens.de\/index.php?rest_route=\/wp\/v2\/posts"}],"about":[{"href":"https:\/\/rvo.wiese-jens.de\/index.php?rest_route=\/wp\/v2\/types\/post"}],"author":[{"embeddable":true,"href":"https:\/\/rvo.wiese-jens.de\/index.php?rest_route=\/wp\/v2\/users\/17"}],"replies":[{"embeddable":true,"href":"https:\/\/rvo.wiese-jens.de\/index.php?rest_route=%2Fwp%2Fv2%2Fcomments&post=2795"}],"version-history":[{"count":0,"href":"https:\/\/rvo.wiese-jens.de\/index.php?rest_route=\/wp\/v2\/posts\/2795\/revisions"}],"wp:attachment":[{"href":"https:\/\/rvo.wiese-jens.de\/index.php?rest_route=%2Fwp%2Fv2%2Fmedia&parent=2795"}],"wp:term":[{"taxonomy":"category","embeddable":true,"href":"https:\/\/rvo.wiese-jens.de\/index.php?rest_route=%2Fwp%2Fv2%2Fcategories&post=2795"},{"taxonomy":"post_tag","embeddable":true,"href":"https:\/\/rvo.wiese-jens.de\/index.php?rest_route=%2Fwp%2Fv2%2Ftags&post=2795"}],"curies":[{"name":"wp","href":"https:\/\/api.w.org\/{rel}","templated":true}]}}