{"id":3074,"date":"2023-03-26T19:53:08","date_gmt":"2023-03-26T17:53:08","guid":{"rendered":"https:\/\/rvoneu.bvsachsen.de\/?p=3074"},"modified":"2023-03-26T19:53:08","modified_gmt":"2023-03-26T17:53:08","slug":"bericht-1-rrl-u9-u15-aktive-am-25-03-2023-in-grossschoenau","status":"publish","type":"post","link":"https:\/\/rvo.wiese-jens.de\/?p=3074","title":{"rendered":"Bericht  1.RRL u9\/u15\/Aktive am 25.03.2023 in Gro\u00dfsch\u00f6nau"},"content":{"rendered":"<table class=\" alignleft\" style=\"height: 97px; width: 101.231%; border-color: #2a8011;\" width=\"97.706%\" cellspacing=\"1\" cellpadding=\"1\" align=\"left\">\n<tbody>\n<tr style=\"height: 97px;\">\n<td style=\"width: 41.5588%; height: 97px; text-align: center; vertical-align: middle;\"><a href=\"https:\/\/photos.app.goo.gl\/T7M6n2jSFkaFUjz59\" target=\"_blank\" rel=\"noopener\"><img fetchpriority=\"high\" decoding=\"async\" class=\"aligncenter\" src=\"https:\/\/lh3.googleusercontent.com\/pw\/AMWts8AxblGmd6WVl1sgkmHwkEALoFmBlWKwgaaaZUl_FPrp2D_iQ403BpzaOnXkgwrgRIysiO9mHFcqOnGXHc76Az8QGLXPDS0I0FaJ14BwKR8LjS1Y76RPXXUAVri0S5BI4GOM-GS6q2I5WizVa66pUd1V3M3c0c0y4Di5bIqTAGmMKButYuRSUlXCUFwurWUwLvXbHk5DpRGc7RCyJ-6HVxrOlcgBcBwuMM9pE2Gz0Qk0p-45uGSK-Mp_QmAB-PcSL27lQtK30JW9GnYh7-HRik1Z3GceiRUum767onnu-S9JJkk2oQYmoRHBEucgcAP4AVRVaoWLY9Wr3T_JELqpf4zrucTgszB-ORsxi2x-tCPG-KUmavaWAq3ki1uNHb4IPQ9PtBVaKB7aJxH5QReCG_lZgIEvOuSqS8ctr8zYi06mm08GsHEjLQ5sdojcO5tRfwXiNrsOrG-L-qfJtPhEJ8nWqShyP58C6ZB3y7nFHkR05P5zLLG9A8WjehTof39DF_IwdoUo4YQd1CHuENHPE4fbQ_058aPiFggRymEWyBRhEeUooLBZki8PW4zcMLKxAn6lDunrEwMpekKBgjI096opssvM-3gRJGeq6iM0nFflOPQJYlaMvemf0O6545vfe7BXVe1MMiO-WvWQDmtI4SHsPmR9W9PzlBizm23JafgASrpe07RTz8is6g3NtvBuDxYQI13BACI45d9LEz-ciHBIzaaii8u_LnVkkqorN9j0ShwmvzkiUa8z3idmdvN-OnbMDKlKiiSWD-k2i31XB9Ymr0H8yzETtrtmcvxCrTjRq9j0CR9uTkv4eod2w0WLoOx5Qpcs05IV06PHBE8PCPQIVA2iqYcxmsieMjJpqyIJMxUU8Ji4M2fpJCqOz_4v-6B--57YD0D1ZEaoMlxr0DYZNCyUa7rBH966reQsSxme603sDTYiFLW-7xC37yOT5ewAQVtVHKQYVw=w480-h320-no?authuser=0\" alt=\"\" width=\"480\" height=\"320\" \/><\/a><\/td>\n<td style=\"width: 66.2753%; height: 97px;\">\n<p style=\"margin-right: 40px; margin-left: 40px;\"><span style=\"font-size: 16px; font-family: times new roman, times, serif;\"><strong><span style=\"color: #000000;\">Ergebnisse bei Turnier,de<br \/>\n<a href=\"https:\/\/www.turnier.de\/sport\/events.aspx?id=13378ed4-a08b-4adb-96e2-7ce5af2bb53e\" target=\"_blank\" rel=\"noopener\">[klick hier]<\/a><\/span><\/strong><\/span><\/p>\n<p style=\"padding-left: 40px;\"><strong><span style=\"color: #000000;\">Bildergalerie:<br \/>\n<a href=\"https:\/\/photos.app.goo.gl\/T7M6n2jSFkaFUjz59\" target=\"_blank\" rel=\"noopener\">[klick hier]<\/a><br \/>\n<\/span><\/strong><\/p>\n<\/td>\n<\/tr>\n<\/tbody>\n<\/table>\n<p><span style=\"color: #000000; font-family: georgia, palatino, serif; font-size: 16px;\">Der TSV Gro\u00dfsch\u00f6nau war am 25.03.2023 Ausrichter der 1. RRL U9\/U15\/Aktive in der Saison 2023.<br \/>\nHier ein Bericht des Veranstalters:<!--more--><\/span><\/p>\n<p style=\"text-align: center;\"><strong><span style=\"color: #000000; font-family: georgia, palatino, serif; font-size: 20px;\">Bericht von der 1.RRL u9 \/ u15 \/ Aktive in Gro\u00dfsch\u00f6nau<\/span><\/strong><\/p>\n<p><span style=\"color: #000000; font-family: georgia, palatino, serif; font-size: 16px;\">Zur ersten Regionalrangliste der AK u9 \/ u15 und Aktive trafen sich am 25.03.2023 wieder Badmintonspieler aus Zittau, Dresden, Volkmarsdorf, Demitz-Thumitz, Herrnhut, Wei\u00dfwasser, G\u00f6rlitz, Gro\u00dfsch\u00f6nau, Bautzen und Sohland in Gro\u00dfsch\u00f6nau.<br \/>\nMit insgesamt 61 Startern in den drei Altersklassen war die Rangliste sehr, sehr gut besucht.<br \/>\nGespielt wurde bei den Aktiven und in der AK u9 nur Einzel, die AK u15 spielte neben dem Einzel auch noch Mix.<br \/>\nDie Spielsysteme wurden an die Teilnehmerzahlen der einzelnen Disziplinen angepasst. Positiv m\u00f6chte ich wieder erw\u00e4hnen, dass wir wieder 12 Teilnehmer, 6 M\u00e4dchen und 6 Jungs, in der AK u9 begr\u00fc\u00dfen konnten. Weiter so!<\/span><\/p>\n<p><span style=\"color: #000000; font-family: georgia, palatino, serif; font-size: 16px;\">Zuerst konnten gleich unsere Kleinsten ihr K\u00f6nnen unter Beweis stellen.<br \/>\nEs wurde bei den M\u00e4dchen, wie auch bei den Jungs, im Gruppensystem gespielt.<br \/>\nSiegerin im ME u9 wurde Julia Eckert aus Bautzen vor Alice Knei\u00dfner aus Gro\u00dfsch\u00f6nau und Elsa Nowack aus Sohland. Bei den Jungen u9 gewann Willi Benofsky aus Bautzen vor Clemenz Titz aus Sohland und Marinus Renner ebenfalls vom MSV Bautzen.<br \/>\nEs war ein tolles Turnier der \u201eKleinen\u201c. Was da teilweise zu sehen war, war schon sehr beachtlich und macht auch viel Hoffnung f\u00fcr die Zukunft.<\/span><\/p>\n<p><span style=\"color: #000000; font-family: georgia, palatino, serif; font-size: 16px;\">Weiter ging es mit dem Mixed u15. Die Paarung Schmidt\/Wippich\u00a0(SG Robur Zittau) konnte sich am Ende gegen Dre\u00dfler\/Lesniok (TSV Gro\u00dfsch\u00f6nau) in einem guten Endspiel durchsetzen und wurden verdient Sieger.<br \/>\nDie dritten Pl\u00e4tze belegten Kaspar\/Voigt aus Gro\u00dfsch\u00f6nau und K\u00e4mmerer\/Schierwagen aus G\u00f6rlitz.<\/span><\/p>\n<p><span style=\"color: #000000; font-family: georgia, palatino, serif; font-size: 16px;\">Bei den Jungs in der AK u15 gewann in einem spannenden und hart umk\u00e4mpften Endspiel Cedric Schmidt aus Zittau vor Timon Petelka aus Bautzen und Vincent K\u00e4mmerer aus G\u00f6rlitz.<br \/>\nDie M\u00e4dchenkonkurrenz u15 wurde klar von Anna Voigt vom TSV Gro\u00dfsch\u00f6nau gewonnen. Zweite wurde hier ihre Mannschaftskameradin Lina Lesniok und der dritte Platz ging an Merle Wippich aus Zittau.<\/span><\/p>\n<p><span style=\"color: #000000; font-family: georgia, palatino, serif; font-size: 16px;\">Bei den Aktiven setzte sich im Dameneinzel Paula Pilop aus Bautzen souver\u00e4n vor Steffi Lesniok vom TSV Gro\u00dfsch\u00f6nau und Ashley Schmidt aus Bautzen durch.<br \/>\nDie Herrenkonkurrenz wurde wieder in einem A- und B \u2013 Turnier ausgetragen.<br \/>\nBei den Herren A siegte Sebastian Haupt aus Zittau vor Sebastian Menzel aus G\u00f6rlitz und Eduard Terentev vom MSV Bautzen 04.<br \/>\nDer Sieger im B \u2013 Turnier kam diesmal wieder aus Gro\u00dfsch\u00f6nau. Es gewann Jens B\u00f6hm vor Adrian Voigt vom Herrnhuter SV 90 und Trung Nguyen vom SV Gr\u00fcn-Wei\u00df Wei\u00dfwasser.<br \/>\nHerzlichen Gl\u00fcckwunsch an die Sieger und Platzierten.<\/span><\/p>\n<p><span style=\"color: #000000; font-family: georgia, palatino, serif; font-size: 16px;\"><strong>Fazit:<\/strong> Es waren spannende und umk\u00e4mpfte Spiele zu sehen. Was es da teilweise zu sehen gab, war schon beachtlich. Das Turnier wurde z\u00fcgig und ohne Probleme durchgef\u00fchrt, was auch mit an der guten Disziplin der Teilnehmer lag. Daf\u00fcr m\u00f6chte sich der Veranstalter, der TSV Gro\u00dfsch\u00f6nau, nochmals bei allen Spielern und Betreuern bedanken.<\/span><\/p>\n<p><span style=\"color: #000000; font-family: georgia, palatino, serif; font-size: 16px;\">Vor dem Turnier gab es noch die Siegerehrung f\u00fcr die Regionalmannschaftsmeisterschaften der Aktiven der Saison 2022\/2023. Die Meisterschaft gewann der MSV Bautzen 04 vor den Mannschaften von der SG Zittau II und dem SV Gr\u00fcn-Wei\u00df Wei\u00dfwasser. Herzlichen Gl\u00fcckwunsch an den Sieger und die Platzierten.<\/span><\/p>\n<p><span style=\"color: #000000; font-family: georgia, palatino, serif; font-size: 16px;\">Wir w\u00fcnschen der Mannschaft aus Bautzen viel Erfolg bei den Aufstiegsspielen zur Sachsenklasse.<\/span><\/p>\n<p><strong><span style=\"color: #000000; font-family: georgia, palatino, serif; font-size: 16px;\">Frank Adam<br \/>\n<\/span><span style=\"color: #000000; font-family: georgia, palatino, serif; font-size: 16px;\">-TSV Gro\u00dfsch\u00f6nau, Abteilung Badminton-<\/span><\/strong><\/p>\n<p>&nbsp;<\/p>\n<p>&nbsp;<\/p>\n<p>&nbsp;<\/p>\n<p>&nbsp;<\/p>\n","protected":false},"excerpt":{"rendered":"<p>Ergebnisse bei Turnier,de [klick hier] Bildergalerie: [klick hier] Der TSV Gro\u00dfsch\u00f6nau war am 25.03.2023 Ausrichter der 1. RRL U9\/U15\/Aktive in der Saison 2023. Hier ein Bericht des Veranstalters:<\/p>\n","protected":false},"author":13,"featured_media":0,"comment_status":"closed","ping_status":"closed","sticky":false,"template":"elementor_theme","format":"standard","meta":{"footnotes":""},"categories":[3],"tags":[],"class_list":["post-3074","post","type-post","status-publish","format-standard","hentry","category-berichte"],"_links":{"self":[{"href":"https:\/\/rvo.wiese-jens.de\/index.php?rest_route=\/wp\/v2\/posts\/3074","targetHints":{"allow":["GET"]}}],"collection":[{"href":"https:\/\/rvo.wiese-jens.de\/index.php?rest_route=\/wp\/v2\/posts"}],"about":[{"href":"https:\/\/rvo.wiese-jens.de\/index.php?rest_route=\/wp\/v2\/types\/post"}],"author":[{"embeddable":true,"href":"https:\/\/rvo.wiese-jens.de\/index.php?rest_route=\/wp\/v2\/users\/13"}],"replies":[{"embeddable":true,"href":"https:\/\/rvo.wiese-jens.de\/index.php?rest_route=%2Fwp%2Fv2%2Fcomments&post=3074"}],"version-history":[{"count":0,"href":"https:\/\/rvo.wiese-jens.de\/index.php?rest_route=\/wp\/v2\/posts\/3074\/revisions"}],"wp:attachment":[{"href":"https:\/\/rvo.wiese-jens.de\/index.php?rest_route=%2Fwp%2Fv2%2Fmedia&parent=3074"}],"wp:term":[{"taxonomy":"category","embeddable":true,"href":"https:\/\/rvo.wiese-jens.de\/index.php?rest_route=%2Fwp%2Fv2%2Fcategories&post=3074"},{"taxonomy":"post_tag","embeddable":true,"href":"https:\/\/rvo.wiese-jens.de\/index.php?rest_route=%2Fwp%2Fv2%2Ftags&post=3074"}],"curies":[{"name":"wp","href":"https:\/\/api.w.org\/{rel}","templated":true}]}}