{"id":3180,"date":"2023-06-13T08:55:42","date_gmt":"2023-06-13T06:55:42","guid":{"rendered":"https:\/\/rvoneu.bvsachsen.de\/?p=3180"},"modified":"2023-06-13T08:55:42","modified_gmt":"2023-06-13T06:55:42","slug":"bericht-1-rrl-u9-u15-aktive-am-25-03-2023-in-grossschoenau-2","status":"publish","type":"post","link":"https:\/\/rvo.wiese-jens.de\/?p=3180","title":{"rendered":"Bericht  1.RRL u9\/u15\/Aktive am 10.06.2023 in Gro\u00dfsch\u00f6nau"},"content":{"rendered":"<table class=\" alignleft\" style=\"height: 97px; width: 101.231%; border-color: #2a8011;\" width=\"97.706%\" cellspacing=\"1\" cellpadding=\"1\" align=\"left\">\n<tbody>\n<tr style=\"height: 97px;\">\n<td style=\"width: 39.7982%; height: 97px; text-align: center; vertical-align: middle;\"><a href=\"https:\/\/photos.app.goo.gl\/CZNJa1XteYYY1KMR7\" target=\"_blank\" rel=\"noopener\"><img fetchpriority=\"high\" decoding=\"async\" class=\"aligncenter wp-image-3190 size-medium\" src=\"https:\/\/rvoneu.bvsachsen.de\/wp-content\/uploads\/2023\/06\/DSC08242-300x200.jpg\" alt=\"\" width=\"300\" height=\"200\" \/><\/a><\/td>\n<td style=\"width: 68.0359%; height: 97px;\">\n<p style=\"margin-right: 40px; margin-left: 40px;\"><span style=\"font-size: 16px; font-family: times new roman, times, serif;\"><strong><span style=\"color: #000000;\">Ergebnisse bei Turnier,de<br \/>\n<span style=\"font-family: georgia, palatino, serif;\"><a href=\"https:\/\/www.turnier.de\/sport\/events.aspx?id=de1b5a82-0c72-4f68-a385-b68f406d7459\" target=\"_blank\" rel=\"noopener\">[klick hier]<\/a><\/span><\/span><\/strong><\/span><\/p>\n<p style=\"padding-left: 40px;\"><strong><span style=\"color: #000000;\">Bildergalerie:<br \/>\n<span style=\"font-family: georgia, palatino, serif;\"><a href=\"https:\/\/photos.app.goo.gl\/CZNJa1XteYYY1KMR7\" target=\"_blank\" rel=\"noopener\">[klick hier]<\/a><\/span><br \/>\n<\/span><\/strong><\/p>\n<\/td>\n<\/tr>\n<\/tbody>\n<\/table>\n<p><span style=\"color: #000000; font-family: georgia, palatino, serif; font-size: 16px;\">Der TSV Gro\u00dfsch\u00f6nau war am 10.06.2023 Ausrichter der 2. RRL U9\/U15\/Aktive in der Saison 2023.<br \/>\nHier ein Bericht des Veranstalters:<!--more--><\/span><\/p>\n<p style=\"text-align: center;\"><span style=\"text-decoration: underline;\"><strong><span style=\"color: #000000; font-family: georgia, palatino, serif; font-size: 20px; text-decoration: underline;\">Bericht von der 2.RRL u9 \/ u15 \/ Aktive in Gro\u00dfsch\u00f6nau<\/span><\/strong><\/span><\/p>\n<p><span style=\"color: #000000;\">Zur zweiten Regionalrangliste der AK u9 \/ u15 und Aktive trafen sich am 10.06.2023 wieder Badmintonspieler aus Zittau, Demitz-Thumitz, Wei\u00dfwasser, G\u00f6rlitz, Gro\u00dfsch\u00f6nau, Bautzen und Sohland in Gro\u00dfsch\u00f6nau.<\/span><br \/>\n<span style=\"color: #000000;\">Mit insgesamt 51 Startern in den drei Altersklassen war die Rangliste sehr gut besucht.<\/span><br \/>\n<span style=\"color: #000000;\">Gespielt wurde bei den Aktiven und in der AK u9 nur Einzel, die AK u15 spielte neben dem Einzel auch noch Doppel. Die Spielsysteme wurden an die Teilnehmerzahlen der einzelnen Disziplinen angepasst.<\/span><br \/>\n<span style=\"color: #000000;\">Positiv m\u00f6chte ich wieder erw\u00e4hnen, dass wir wieder 8 Teilnehmer, 4 M\u00e4dchen und 4 Jungs, in der AK u9 begr\u00fc\u00dfen konnten. Weiter so!<\/span><\/p>\n<p><span style=\"color: #000000;\">Zuerst konnten gleich unsere Kleinsten ihr K\u00f6nnen unter Beweis stellen. Es wurde bei den M\u00e4dchen, wie auch bei den Jungs, im Gruppensystem gespielt.<\/span><br \/>\n<span style=\"color: #000000;\">Siegerin im ME u9 wurde Julia Eckert aus Bautzen vor Hanna Noreen W\u00fcnsche und Alice Knei\u00dfner, beide vom TSV Gro\u00dfsch\u00f6nau.<\/span><br \/>\n<span style=\"color: #000000;\">Bei den Jungen u9 gewann Willi Benofsky vor Mats Jais und Alexander M\u00f6hn, alle vom MSV Bautzen. Es war ein tolles Turnier der \u201eKleinen\u201c. Was da teilweise zu sehen war, war schon sehr beachtlich und macht auch viel Hoffnung f\u00fcr die Zukunft.<\/span><\/p>\n<p><span style=\"color: #000000;\">Weiter ging es mit den Doppeln u15. Das Jungendoppel gewann Schmidt\/Die\u00dfner aus Zittau vor Herschel\/Ringel aus Sohland. Dritte wurden hier Kaspar\/Noack aus Gro\u00dfsch\u00f6nau.<\/span><br \/>\n<span style=\"color: #000000;\">Das M\u00e4dchendoppel wurde von Voigt\/Lesniok aus Gro\u00dfsch\u00f6nau gewonnen. Zweite wurden hier Fl\u00f6ter\/Schierwagen aus G\u00f6rlitz und den dritten Platz belegten Behr\/Schulze aus Bautzen.<\/span><\/p>\n<p><span style=\"color: #000000;\">Bei den Jungs in der AK u15 gewann in einem spannenden und hart umk\u00e4mpften Endspiel Cedric Schmidt aus Zittau vor Kevin Noack aus Gro\u00dfsch\u00f6nau und Timon Petelka aus Bautzen.<\/span><br \/>\n<span style=\"color: #000000;\">Die M\u00e4dchenkonkurrenz u15 wurde klar von Anna Voigt vom TSV Gro\u00dfsch\u00f6nau gewonnen. Zweite wurde hier ihre Mannschaftskameradin Lina Lesniok und der dritte Platz ging an Katharina Poitz aus Sohland.<\/span><\/p>\n<p><span style=\"color: #000000;\">Bei den Aktiven setzte sich im Dameneinzel Christin Tilgner vor Steffi Lesniok, beide vom TSV Gro\u00dfsch\u00f6nau und Nina Eichler aus G\u00f6rlitz durch.<\/span><br \/>\n<span style=\"color: #000000;\">Die Herrenkonkurrenz wurde wieder in einem A- und B \u2013 Turnier ausgetragen.<\/span><br \/>\n<span style=\"color: #000000;\">Bei den Herren A siegte \u00a0Sebastian Haupt aus Zittau vor Eduard Terentev vom MSV Bautzen 04 und Maximilian Friedrich vom TSV Gro\u00dfsch\u00f6nau.<\/span><br \/>\n<span style=\"color: #000000;\">Der Sieger im B \u2013 Turnier kam\u00a0 wieder aus Gro\u00dfsch\u00f6nau. Es gewann Jens B\u00f6hm vor Cedric Domeier vom MSV Bautzen 04 und Randy W\u00fcnsche, ebenfalls aus Gro\u00dfsch\u00f6nau.<\/span><br \/>\n<span style=\"color: #000000;\"><strong>Herzlichen Gl\u00fcckwunsch an die Sieger und Platzierten.<\/strong><\/span><\/p>\n<p><span style=\"color: #000000;\"><strong>Fazit:<\/strong> Es waren spannende und umk\u00e4mpfte Spiele zu sehen. Was es da teilweise zu sehen gab, war schon beachtlich. Das Turnier wurde z\u00fcgig und ohne Probleme durchgef\u00fchrt, was auch mit an der guten Disziplin der Teilnehmer lag. Daf\u00fcr m\u00f6chte sich der Veranstalter, der TSV Gro\u00dfsch\u00f6nau, nochmals bei allen Spielern und Betreuern bedanken. Ein kleiner Wermutstropfen bleibt trotzdem. Leider reisten die gemeldeten Spieler vom TSV Dresden nicht an und eine Absage der Spieler f\u00fcr das Turnier gab es auch nicht! Eigentlich schade, zumal die Nichtteilnahme der Spieler Einfluss auf den sp\u00e4teren Turnierverlauf hatte. Dabei h\u00e4tte eine kleine Mitteilung \u00fcber eine Nichtteilnahme gereicht!<\/span><\/p>\n<p><span style=\"color: #000000;\"><strong><span style=\"font-family: georgia, palatino, serif; font-size: 16px;\">Frank Adam<br \/>\n<\/span><span style=\"font-family: georgia, palatino, serif; font-size: 16px;\">-TSV Gro\u00dfsch\u00f6nau, Abteilung Badminton-<\/span><\/strong><\/span><\/p>\n<p>&nbsp;<\/p>\n<p>&nbsp;<\/p>\n<p>&nbsp;<\/p>\n<p>&nbsp;<\/p>\n","protected":false},"excerpt":{"rendered":"<p>Ergebnisse bei Turnier,de [klick hier] Bildergalerie: [klick hier] Der TSV Gro\u00dfsch\u00f6nau war am 10.06.2023 Ausrichter der 2. RRL U9\/U15\/Aktive in der Saison 2023. Hier ein Bericht des Veranstalters:<\/p>\n","protected":false},"author":13,"featured_media":0,"comment_status":"closed","ping_status":"closed","sticky":false,"template":"elementor_theme","format":"standard","meta":{"footnotes":""},"categories":[3],"tags":[],"class_list":["post-3180","post","type-post","status-publish","format-standard","hentry","category-berichte"],"_links":{"self":[{"href":"https:\/\/rvo.wiese-jens.de\/index.php?rest_route=\/wp\/v2\/posts\/3180","targetHints":{"allow":["GET"]}}],"collection":[{"href":"https:\/\/rvo.wiese-jens.de\/index.php?rest_route=\/wp\/v2\/posts"}],"about":[{"href":"https:\/\/rvo.wiese-jens.de\/index.php?rest_route=\/wp\/v2\/types\/post"}],"author":[{"embeddable":true,"href":"https:\/\/rvo.wiese-jens.de\/index.php?rest_route=\/wp\/v2\/users\/13"}],"replies":[{"embeddable":true,"href":"https:\/\/rvo.wiese-jens.de\/index.php?rest_route=%2Fwp%2Fv2%2Fcomments&post=3180"}],"version-history":[{"count":0,"href":"https:\/\/rvo.wiese-jens.de\/index.php?rest_route=\/wp\/v2\/posts\/3180\/revisions"}],"wp:attachment":[{"href":"https:\/\/rvo.wiese-jens.de\/index.php?rest_route=%2Fwp%2Fv2%2Fmedia&parent=3180"}],"wp:term":[{"taxonomy":"category","embeddable":true,"href":"https:\/\/rvo.wiese-jens.de\/index.php?rest_route=%2Fwp%2Fv2%2Fcategories&post=3180"},{"taxonomy":"post_tag","embeddable":true,"href":"https:\/\/rvo.wiese-jens.de\/index.php?rest_route=%2Fwp%2Fv2%2Ftags&post=3180"}],"curies":[{"name":"wp","href":"https:\/\/api.w.org\/{rel}","templated":true}]}}