{"id":4184,"date":"2025-03-22T20:57:23","date_gmt":"2025-03-22T19:57:23","guid":{"rendered":"https:\/\/rvoneu.bvsachsen.de\/?p=4184"},"modified":"2025-03-22T20:57:23","modified_gmt":"2025-03-22T19:57:23","slug":"bericht-1-rrl-u9-u15-aktive-am-22-03-2025-in-goerlitz","status":"publish","type":"post","link":"https:\/\/rvo.wiese-jens.de\/?p=4184","title":{"rendered":"Bericht  1.RRL u9\/u15\/Aktive am 22.03.2025 in G\u00f6rlitz"},"content":{"rendered":"<table class=\" alignleft\" style=\"height: 77px; width: 101.231%; border-color: #2a8011;\" width=\"97.706%\" cellspacing=\"1\" cellpadding=\"1\" align=\"left\">\n<tbody>\n<tr style=\"height: 97px;\">\n<td style=\"width: 39.7982%; height: 77px; text-align: center; vertical-align: middle;\"><span style=\"color: #000000;\"><a style=\"color: #000000;\" href=\"https:\/\/photos.app.goo.gl\/nMzzWGQtApe89HDVA\" target=\"_blank\" rel=\"noopener\"><img fetchpriority=\"high\" decoding=\"async\" class=\"alignnone\" src=\"https:\/\/lh3.googleusercontent.com\/pw\/AP1GczOe2ugsywRWgMwJz2SMx48EEBVn09iWl5Tq2pWDahZvm3Z575zRUwa8UzazqBKYQAYuZexzq10ObBnvu-gm_fwx5Ogp3raibFMq0oobpKUUNcCDCRFU0Tk_y7Ce_2SlKO4c1blo6oGg2kDbL8PZRzuP=w1157-h867-s-no?authuser=0\" alt=\"\" width=\"1157\" height=\"867\" \/><\/a><\/span><\/td>\n<td style=\"width: 68.0359%; height: 77px;\">\n<p style=\"margin-right: 40px; margin-left: 40px;\"><span style=\"font-size: 16px; font-family: times new roman, times, serif; color: #000000;\"><strong>Ergebnisse bei Turnier,de<br \/>\n<a style=\"color: #000000;\" href=\"https:\/\/dbv.turnier.de\/sport\/events.aspx?id=79768394-3daa-463c-a98e-cc56b7649342\" target=\"_blank\" rel=\"noopener\"><span style=\"color: #0000ff;\">[klick hier]<\/span><\/a><\/strong><\/span><\/p>\n<p style=\"padding-left: 40px;\"><span style=\"color: #000000; font-family: georgia, palatino, serif; font-size: 16px;\"><strong><span style=\"font-family: times new roman, times, serif;\">Bildergalerie:<\/span><br \/>\n<span style=\"color: #0000ff; font-family: times new roman, times, serif;\"><a style=\"color: #0000ff;\" href=\"https:\/\/photos.app.goo.gl\/nMzzWGQtApe89HDVA\" target=\"_blank\" rel=\"noopener\">[klick hier]<\/a><\/span><br \/>\n<\/strong><\/span><\/p>\n<\/td>\n<\/tr>\n<\/tbody>\n<\/table>\n<p><span style=\"color: #000000; font-family: georgia, palatino, serif; font-size: 16px;\">Der 1.BV G\u00f6rlitz war am 22.03.2025 Ausrichter der 1. RRL u9\/u15\/Aktive.<br \/>\nHier ein Bericht des Veranstalters:<!--more--><\/span><\/p>\n<p style=\"text-align: center;\"><span style=\"text-decoration: underline; color: #000000; font-family: georgia, palatino, serif; font-size: 16px;\"><strong>Bericht 1. RRL u9\/u15\/Aktive<br \/>\n<\/strong><\/span><\/p>\n<p><span style=\"color: #000000; font-family: georgia, palatino, serif; font-size: 16px;\">Am 22.03.2025 trafen sich 59 Badmintonfreunde in G\u00f6rlitz zur Regionalrangliste in den Altersklassen <\/span><br \/>\n<span style=\"color: #000000; font-family: georgia, palatino, serif; font-size: 16px;\">u9, u15 und Aktive. Sportler und Sportlerinnen aus Sohland, Zittau, Bautzen, Wei\u00dfwasser, Gro\u00dfsch\u00f6nau, Stollberg-Niederdorf, Niedersedlitz sowie aus Brandenburg und Berlin und nat\u00fcrlich vom Gastgeber aus G\u00f6rlitz trafen sich, um ihre Besten zu ermitteln.<\/span><\/p>\n<p><span style=\"color: #000000;\">Vor den Wettk\u00e4mpfen nahm der Sportwart des RVO, Peter Berger, die Ehrung der Gewinner der Oberlausitzliga vor. Es gewann der MSV Bautzen vor Robur Zittau und TSV Gro\u00dfsch\u00f6nau.<\/span><br \/>\n<span style=\"color: #000000; font-family: georgia, palatino, serif; font-size: 16px;\">Unsere J\u00fcngsten der AK u9 hatten die Ehre, die Wettk\u00e4mpfe zu er\u00f6ffnen. Mit tatkr\u00e4ftiger Unterst\u00fctzung durch die Betreuer absolvierten 4 Kinder die Spiele auf dem halben Feld. Obwohl der Spa\u00df am Spiel im Vordergrund stand, musste es auch Sieger und Platzierte geben. Mats Jais aus Bautzen gewann vor Jakob Titz und Emil Dorn aus Sohland. Johanna Matthes aus Sohland spielte mit gegen die Jungs und schlug sich achtbar. Mit gro\u00dfer Freude nahmen alle ihre Urkunden entgegen.<\/span><br \/>\n<span style=\"color: #000000; font-family: georgia, palatino, serif; font-size: 16px;\">Parallel begann die Mixed-Konkurrenz der u15. Es gewannen \u00fcberlegen Valentin Spaehte\/Elois Bach (TSV Dreden\/SG Gittersee) vor John Knei\u00dfner\/Lina Lesniok vom TSV Gro\u00dfsch\u00f6nau. Dritte Pl\u00e4tze belegten Edgar Bergner\/Emma Richter (BV Niedersedlitz\/BV Sohland) und <\/span><span style=\"color: #000000; font-family: georgia, palatino, serif; font-size: 16px;\">Tobias Krug\/Lara Heinke vom 1. BV G\u00f6rlitz.<\/span><br \/>\n<span style=\"color: #000000; font-family: georgia, palatino, serif; font-size: 16px;\">Inzwischen nahmen auch die Einzelkonkurrenzen Fahrt auf. In der AK u15 mussten die Sportler aus der Oberlausitz die \u00dcberlegenheit der Spieler aus Niedersedlitz, Dresden und Gittersee anerkennen.<br \/>\nDas Jungeneinzel gewann Moritz Franke vor Edgar Bergner (beide BV Niedersedlitz) und Valentin Spaethe vom TSV Dresden.<br \/>\nDer Sieg im M\u00e4dcheneinzel ging an Eloise Bach aus Gittersee vor Lina Lesnik<br \/>\naus Gro\u00dfsch\u00f6nau und Ella Mjetck aus Bautzen. <\/span><br \/>\n<span style=\"color: #000000; font-family: georgia, palatino, serif; font-size: 16px;\">Im Dameneinzel zeigte sich Vivien Schulz vom 1. BV G\u00f6rlitz als klare Siegerin vor Marlen Radunsky aus Sohland und Alia Quarte aus Wei\u00dfwasser. <\/span><br \/>\n<span style=\"color: #000000; font-family: georgia, palatino, serif; font-size: 16px;\">Das Herreneinzel A entwickelte sich zu einer hochklassigen spannenden Angelegenheit. Bereits im Halbfinale lieferten sich Cedric Domeier aus Bautzen und Jeremy Zindler aus Stollberg-Niederdorf ein tolles Spiel, welches Cedric f\u00fcr sich entscheiden konnte. Auch das Finale gegen<br \/>\nEduard Terentev (ebenfalls aus Bautzen) gewann Cedric. Tolle Leistung ! <\/span><br \/>\n<span style=\"color: #000000; font-family: georgia, palatino, serif; font-size: 16px;\">Jeremy behielt im kleinen Finale gegen Maximilian Friedrich (Gro\u00dfsch\u00f6nau) die Oberhand und belegte den 3. Platz.<\/span><br \/>\n<span style=\"color: #000000; font-family: georgia, palatino, serif; font-size: 16px;\">Das Herreneinzel B gewann Moritz Frederic Ubben (RSV Eintracht Brandenburg) vor Jens B\u00f6hm aus Gro\u00dfsch\u00f6nau und Cedric Schmidt aus Zittau.<\/span><\/p>\n<p><span style=\"color: #000000; font-family: georgia, palatino, serif; font-size: 16px;\">Gegen 17:30 Uhr war das letzte Spiel beendet und die Sieger und Platzierten konnten bei der Siegerehrung ihre Urkunden entgegennehmen.<br \/>\nDer Veranstalter bedankt sich f\u00fcr faire und tolle Spiele. Die Turnierleitung war immer auf der H\u00f6he des Geschehens und war Garant f\u00fcr einen z\u00fcgigen Turnierablauf.<\/span><\/p>\n<p><strong><span style=\"color: #000000; font-family: georgia, palatino, serif; font-size: 16px;\">i.A. Lutz Buchal<\/span><\/strong><\/p>\n<p>&nbsp;<\/p>\n<p>&nbsp;<\/p>\n<p>&nbsp;<\/p>\n<p>&nbsp;<\/p>\n<p>&nbsp;<\/p>\n<p>&nbsp;<\/p>\n","protected":false},"excerpt":{"rendered":"<p>Ergebnisse bei Turnier,de [klick hier] Bildergalerie: [klick hier] Der 1.BV G\u00f6rlitz war am 22.03.2025 Ausrichter der 1. RRL u9\/u15\/Aktive. Hier ein Bericht des Veranstalters:<\/p>\n","protected":false},"author":2,"featured_media":0,"comment_status":"closed","ping_status":"closed","sticky":false,"template":"elementor_theme","format":"standard","meta":{"footnotes":""},"categories":[3],"tags":[],"class_list":["post-4184","post","type-post","status-publish","format-standard","hentry","category-berichte"],"_links":{"self":[{"href":"https:\/\/rvo.wiese-jens.de\/index.php?rest_route=\/wp\/v2\/posts\/4184","targetHints":{"allow":["GET"]}}],"collection":[{"href":"https:\/\/rvo.wiese-jens.de\/index.php?rest_route=\/wp\/v2\/posts"}],"about":[{"href":"https:\/\/rvo.wiese-jens.de\/index.php?rest_route=\/wp\/v2\/types\/post"}],"author":[{"embeddable":true,"href":"https:\/\/rvo.wiese-jens.de\/index.php?rest_route=\/wp\/v2\/users\/2"}],"replies":[{"embeddable":true,"href":"https:\/\/rvo.wiese-jens.de\/index.php?rest_route=%2Fwp%2Fv2%2Fcomments&post=4184"}],"version-history":[{"count":0,"href":"https:\/\/rvo.wiese-jens.de\/index.php?rest_route=\/wp\/v2\/posts\/4184\/revisions"}],"wp:attachment":[{"href":"https:\/\/rvo.wiese-jens.de\/index.php?rest_route=%2Fwp%2Fv2%2Fmedia&parent=4184"}],"wp:term":[{"taxonomy":"category","embeddable":true,"href":"https:\/\/rvo.wiese-jens.de\/index.php?rest_route=%2Fwp%2Fv2%2Fcategories&post=4184"},{"taxonomy":"post_tag","embeddable":true,"href":"https:\/\/rvo.wiese-jens.de\/index.php?rest_route=%2Fwp%2Fv2%2Ftags&post=4184"}],"curies":[{"name":"wp","href":"https:\/\/api.w.org\/{rel}","templated":true}]}}