{"id":4328,"date":"2025-06-15T21:34:44","date_gmt":"2025-06-15T19:34:44","guid":{"rendered":"https:\/\/rvoneu.bvsachsen.de\/?p=4328"},"modified":"2025-06-15T21:34:44","modified_gmt":"2025-06-15T19:34:44","slug":"bericht-2-rrl-u19-u13-aktive-am-14-06-2025-in-grossschoenau","status":"publish","type":"post","link":"https:\/\/rvo.wiese-jens.de\/?p=4328","title":{"rendered":"Bericht  2. RRL u19\/u13\/Aktive am 14.06.2025 in Gro\u00dfsch\u00f6nau"},"content":{"rendered":"<table class=\" alignleft\" style=\"height: 77px; width: 101.231%; border-color: #2a8011;\" width=\"97.706%\" cellspacing=\"1\" cellpadding=\"1\" align=\"left\">\n<tbody>\n<tr style=\"height: 97px;\">\n<td style=\"width: 39.7982%; height: 77px; text-align: center; vertical-align: middle;\"><a href=\"https:\/\/photos.app.goo.gl\/JVDhRjoj74kQFo7b7\" target=\"_blank\" rel=\"noopener\"><img fetchpriority=\"high\" decoding=\"async\" class=\"alignnone\" src=\"https:\/\/lh3.googleusercontent.com\/pw\/AP1GczNDRzIugvkxRimfzWhb2SABK8brKUFoUso2G_421ZyFT29YxUBHru2ehVRIwCQ6W7T0_1TqcQCSAoLImLyIVaZBH1p0udzobkZ6gin-af5QudRmTnGt2DQiJUzGeaHHR4kqreTdERQ1np-pF3moRPlEQA=w1119-h627-s-no?authuser=0\" alt=\"\" width=\"1119\" height=\"627\" \/><\/a><\/td>\n<td style=\"width: 68.0359%; height: 77px;\">\n<p style=\"margin-right: 40px; margin-left: 40px;\"><span style=\"font-size: 16px; font-family: times new roman, times, serif; background-color: #ffffff; color: #000000;\"><strong><br \/>\nErgebnisse bei Turnier,de<br \/>\n<span style=\"color: #003366;\"><a href=\"https:\/\/dbv.turnier.de\/sport\/winners.aspx?id=7df1193e-25dd-4b43-b0dd-f3f9c89da8ba\" target=\"_blank\" rel=\"noopener\">[klick hier]<\/a><\/span><\/strong><\/span><\/p>\n<p style=\"padding-left: 40px;\"><span style=\"background-color: #ffffff; color: #000000;\"><strong><span style=\"font-size: 16px; font-family: times new roman, times, serif; background-color: #ffffff;\">Bildergalerie:<\/span><br \/>\n<span style=\"font-family: times new roman, times, serif; font-size: 16px; background-color: #ffffff; color: #003366;\"><a href=\"https:\/\/photos.app.goo.gl\/JVDhRjoj74kQFo7b7\" target=\"_blank\" rel=\"noopener\">{klick hier]<\/a><br \/>\n<\/span><\/strong><\/span><\/p>\n<\/td>\n<\/tr>\n<\/tbody>\n<\/table>\n<p><span style=\"color: #000000; font-family: georgia, palatino, serif; font-size: 16px; background-color: #ffffff;\">Der TSV Gro\u00dfsch\u00f6nau war am 14.06.2025 Ausrichter der 2. RRL u9\/u13\/Aktive.<br \/>\nHier ein Bericht des Veranstalters:<!--more--><\/span><\/p>\n<p style=\"text-align: center;\"><span style=\"background-color: #ffffff; color: #000000;\"><strong><span style=\"text-decoration: underline;\">Bericht von der 2.RRL u9\/u13 \/Aktive in Gro\u00dfsch\u00f6nau<\/span><\/strong><\/span><\/p>\n<p><span style=\"background-color: #ffffff; color: #000000;\">Zur zweiten Regionalrangliste der AK u9 \/ u13 und Aktive trafen sich am 14.06.2025 wieder Badmintonspieler aus Zittau, Dresden, Wei\u00dfwasser, Demnitz-Thumitz, Berlin, G\u00f6rlitz, Bad Rappenau, Gro\u00dfsch\u00f6nau, Bautzen und Sohland in Gro\u00dfsch\u00f6nau. Mit insgesamt 66 Startern in den drei Altersklassen war die Rangliste wieder sehr, sehr gut besucht. Gespielt wurde bei den Aktiven und in der AK u9 nur Einzel, die AK u13 spielte neben dem Einzel auch noch Doppel. Die Spielsysteme wurden an die Teilnehmerzahlen der einzelnen Disziplinen angepasst. Positiv m\u00f6chte ich erw\u00e4hnen, dass wir wieder 10 Teilnehmer, 3 M\u00e4dchen und 7 Jungs, in der AK u9 begr\u00fc\u00dfen konnten. Weiter so!<\/span><\/p>\n<p><span style=\"background-color: #ffffff; color: #000000;\">Zuerst konnten gleich unsere Kleinsten ihr K\u00f6nnen unter Beweis stellen.<br \/>\nEs wurde bei den M\u00e4dchen <\/span><span style=\"background-color: #ffffff; color: #000000;\">im Gruppensystem und bei den Jungs KO-RL-System gespielt. Siegerin im ME u9 wurde Sarah Adam von der SG Robur Zittau vor der Bautznerin Hannelore Paulick und der Sohl\u00e4nderin Johanna Mothes.<br \/>\nBei den Jungen u9 gewann Mats Jais vom MSV Bautzen vor Jakob Titz aus Sohland.<br \/>\nDritter wurde hier Nick Lodni aus Gro\u00dfsch\u00f6nau. Es war ein tolles Turnier der \u201eKleinen\u201c. Was da teilweise zu sehen war, war schon sehr beachtlich und macht auch viel Hoffnung f\u00fcr die Zukunft.<\/span><\/p>\n<p><span style=\"background-color: #ffffff; color: #000000;\">Weiter ging es mit dem M\u00e4dchen- und Jungendoppel u13. Im MD gewannen Findeisen\/Janousek aus Wei\u00dfwasser vor B\u00e4r\/Birnbaum aus G\u00f6rlitz\/Bad Rappenau. Die dritten Pl\u00e4tze belegten hier Behr\/Gr\u00fcnler aus Bautzen\/Wei\u00dfwasser und Lindner\/Richter aus Zittau\/Sohland. Das JD gewann Jais\/Sauer aus Bautzen, vor Bergmann\/Winter aus G\u00f6rlitz\/Motor Mickten. Dritte wurden hier Lindner\/Ohlberg aus Gro\u00dfsch\u00f6nau und Beutlich\/Richter aus Sohland.<\/span><\/p>\n<p><span style=\"background-color: #ffffff; color: #000000;\">Bei den Jungs in der AK u13 gewann in einem guten Endspiel Anton Jais vom MSV Bautzen 04 vor Tim Bergmann aus G\u00f6rlitz und Julian Richter vom BV Sohland. Die M\u00e4dchenkonkurrenz u13 gewann diesmal Sophie Behr aus Bautzen. Zweite wurde Clara Janousek aus Wei\u00dfwasser und der dritte Platz ging an Emma Richter aus Sohland.<\/span><\/p>\n<p><span style=\"background-color: #ffffff; color: #000000;\">Bei den Aktiven setzte sich im Dameneinzel in einem hochklassigen und spannenden Endspiel Anna Voigt vom TSV Gro\u00dfsch\u00f6nau knapp vor Alia Quarte aus Wei\u00dfwasser und Vivien Schulz aus G\u00f6rlitz durch.<br \/>\nDie Herrenkonkurrenz wurde wieder in einem A- und B \u2013 Turnier ausgetragen. Bei den Herren A siegte Maruthesh Pujari Rangaswamy vor Prathamesh Shimpi beide vom VfB Kiefholz (Berlin) durch.<br \/>\nDritter wurde hier Sebastian Haupt von der SG Robur Zittau.<br \/>\nDer Sieger im B \u2013 Turnier kam diesmal aus Gro\u00dfsch\u00f6nau. Es gewann Randy W\u00fcnsche vor Jens B\u00f6hm, beide TSV Gro\u00dfsch\u00f6nau. Der dritte Platz ging hier an Oliver Kim aus G\u00f6rlitz.<\/span><\/p>\n<p>Herzlichen Gl\u00fcckwunsch an die Sieger und Platzierten.<\/p>\n<p><span style=\"background-color: #ffffff; color: #000000;\"><strong>Fazit:<\/strong> Es waren spannende und umk\u00e4mpfte Spiele zu sehen. Was es da teilweise zu sehen gab, war schon beachtlich. Das Turnier wurde z\u00fcgig und ohne Probleme durchgef\u00fchrt, was auch mit an der guten Disziplin der Teilnehmer lag. Daf\u00fcr m\u00f6chte sich der Veranstalter, der TSV Gro\u00dfsch\u00f6nau, nochmals bei allen Spielern und Betreuern bedanken.<\/span><\/p>\n<p><span style=\"background-color: #ffffff; color: #000000;\"><strong>Frank Adam<br \/>\n-TSV Gro\u00dfsch\u00f6nau, Abteilung Badminton-<\/strong><\/span><\/p>\n<p>&nbsp;<\/p>\n<p>&nbsp;<\/p>\n<p>&nbsp;<\/p>\n<p>&nbsp;<\/p>\n<p>&nbsp;<\/p>\n<p>&nbsp;<\/p>\n<p>&nbsp;<\/p>\n<p>&nbsp;<\/p>\n<p>&nbsp;<\/p>\n","protected":false},"excerpt":{"rendered":"<p>Ergebnisse bei Turnier,de [klick hier] Bildergalerie: {klick hier] Der TSV Gro\u00dfsch\u00f6nau war am 14.06.2025 Ausrichter der 2. RRL u9\/u13\/Aktive. Hier ein Bericht des Veranstalters:<\/p>\n","protected":false},"author":13,"featured_media":0,"comment_status":"closed","ping_status":"closed","sticky":false,"template":"elementor_theme","format":"standard","meta":{"footnotes":""},"categories":[3],"tags":[],"class_list":["post-4328","post","type-post","status-publish","format-standard","hentry","category-berichte"],"_links":{"self":[{"href":"https:\/\/rvo.wiese-jens.de\/index.php?rest_route=\/wp\/v2\/posts\/4328","targetHints":{"allow":["GET"]}}],"collection":[{"href":"https:\/\/rvo.wiese-jens.de\/index.php?rest_route=\/wp\/v2\/posts"}],"about":[{"href":"https:\/\/rvo.wiese-jens.de\/index.php?rest_route=\/wp\/v2\/types\/post"}],"author":[{"embeddable":true,"href":"https:\/\/rvo.wiese-jens.de\/index.php?rest_route=\/wp\/v2\/users\/13"}],"replies":[{"embeddable":true,"href":"https:\/\/rvo.wiese-jens.de\/index.php?rest_route=%2Fwp%2Fv2%2Fcomments&post=4328"}],"version-history":[{"count":0,"href":"https:\/\/rvo.wiese-jens.de\/index.php?rest_route=\/wp\/v2\/posts\/4328\/revisions"}],"wp:attachment":[{"href":"https:\/\/rvo.wiese-jens.de\/index.php?rest_route=%2Fwp%2Fv2%2Fmedia&parent=4328"}],"wp:term":[{"taxonomy":"category","embeddable":true,"href":"https:\/\/rvo.wiese-jens.de\/index.php?rest_route=%2Fwp%2Fv2%2Fcategories&post=4328"},{"taxonomy":"post_tag","embeddable":true,"href":"https:\/\/rvo.wiese-jens.de\/index.php?rest_route=%2Fwp%2Fv2%2Ftags&post=4328"}],"curies":[{"name":"wp","href":"https:\/\/api.w.org\/{rel}","templated":true}]}}