{"id":4475,"date":"2013-01-15T12:00:36","date_gmt":"2013-01-15T11:00:36","guid":{"rendered":"https:\/\/rvoneu.bvsachsen.de\/?p=4475"},"modified":"2013-01-15T12:00:36","modified_gmt":"2013-01-15T11:00:36","slug":"bericht-soem-u13-u19-am-12-13-01-2013-in-goerlitz","status":"publish","type":"post","link":"https:\/\/rvo.wiese-jens.de\/?p=4475","title":{"rendered":"Bericht SOEM u13-u19 am 12.\/13.01.2013 in G\u00f6rlitz"},"content":{"rendered":"<table style=\"border-collapse: collapse; width: 100%; height: 54px;\">\n<tbody>\n<tr style=\"height: 54px;\">\n<td style=\"width: 37.7146%; border-style: solid; border-color: #000000; text-align: left; vertical-align: middle;\"><span style=\"font-size: 14px;\"><strong>Ergebnisse bei KROTON<br \/>\nBildergalerie:<\/strong><\/span><\/td>\n<td style=\"width: 62.2854%; height: 54px; border-style: solid; border-color: #000000; text-align: left; vertical-align: middle;\"><span style=\"font-size: 14px;\"><strong><a href=\"https:\/\/dbv.turnier.de\/sport\/winners.aspx?id=cb0d18f5-afe3-4811-bbf3-ac6ee649e343\" target=\"_blank\" rel=\"noopener\">[klick hier]<\/a><br \/>\n<\/strong><strong><a href=\"https:\/\/photos.app.goo.gl\/YTqB3wfr3UbCNfEE7\" target=\"_blank\" rel=\"noopener\">[klick hier]<\/a><\/strong><\/span><\/td>\n<\/tr>\n<\/tbody>\n<\/table>\n<p><span style=\"color: #000000;\"><br \/>\nDer 1. BV G\u00f6rlitz war Ausrichter der SOEM u13-u19 am 12.\/13.01.2023 .<\/span><br \/>\n<span style=\"color: #000000;\">Hier ein Bericht des Veranstalters:<\/span><!--more--><\/p>\n<p><span style=\"color: #000000;\"><strong><u>Bericht \u00fcber die S\u00fcdostdeutsche Meisterschaft am 12. Und 13. Januar in G\u00f6rlitz<\/u><\/strong><\/span><\/p>\n<p><span style=\"color: #000000;\">Am 12. und 13. Januar fanden in G\u00f6rlitz die S\u00fcdostdeutschen Meisterschaften im Badminton statt. F\u00fcr den Badmintonsport in unserer Stadt war es nat\u00fcrlich <strong>das<\/strong> Ereignis schlechthin. Eine derartige Gro\u00dfveranstaltung war f\u00fcr die Organisatoren vom 1. BV G\u00f6rlitz eine gro\u00dfe Herausforderung.<\/span><\/p>\n<p><span style=\"color: #000000;\">Insgesamt 176 Spieler (aus Bayern, Baden-W\u00fcrttemberg und Sachsen) traten in den Altersklassen U13, U15, U17 und U19 jeweils in den Disziplinen Einzel, Doppel und Mixed an. Der 1. BV G\u00f6rlitz nahm mit insgesamt 9 Sportlern teil.<\/span><\/p>\n<ul>\n<li><span style=\"color: #000000;\">U13: Putschke, Erik, \u00a0Schulz Phillip, \u00a0Menzel, Daniel<\/span><\/li>\n<li><span style=\"color: #000000;\">U15: Lehnigk, Luisa, \u00a0Menzel, Sebastian<\/span><\/li>\n<li><span style=\"color: #000000;\">U19: Fiedler, Jenny, \u00a0Schulz, Vivien, \u00a0Saling Janin, \u00a0Posselt, Floyd<\/span><\/li>\n<\/ul>\n<p><span style=\"color: #000000;\">Au\u00dfer Daniel Menzel und Luisa Lehnigk\/Annika Schreiber mussten alle G\u00f6rlitzer bereits in den Vorrundenspielen Niederlagen hinnehmen. Auch wenn hier einige Ergebnisse recht knapp ausfielen. Alles in allem war es sicher eine wichtige Erfahrung und Motivation, das Training noch intensiver zu gestalten<\/span><\/p>\n<p><span style=\"color: #000000;\">Gespielt wurde in 2 Hallen mit jeweils 6 Feldern. Diese Tatsache war auch eine Herausforderung an die Turnierleitung, aber (dank der Technik) konnten alle Probleme gel\u00f6st werden, und ein z\u00fcgiger Ablauf gew\u00e4hrleistet werden.<\/span><\/p>\n<p><span style=\"color: #000000;\">Nach der Er\u00f6ffnung (in Anwesenheit unseres Oberb\u00fcrgermeisters Siegfried Deinege und des BVS Pr\u00e4sidenten Michael G\u00f6tz) \u00a0begannen die Wettk\u00e4mpfe. Zuerst wurden die Mixed-Wettbewerbe gespielt. Bereits hier entwickelten sich spannende und ausgeglichene Partien. Letztendlich setzten sich die an Nummer 1 gesetzten Paarungen durch, und wurden so Ihrer Favoritenrolle gerecht. Auch ein s\u00e4chsisches Mixed konnte einen tollen Erflog verbuchen. In der Altersklasse U15 gewannen Florin Ihm (TSV Niederw\u00fcrschnitz) und Annika Schreiber (BC Stollberg-Niederdorf) verdient die Konkurrenz. Herzlichen Gl\u00fcckwunsch !<\/span><\/p>\n<p><span style=\"color: #000000;\">Jetzt begannen die Einzelwettbewerbe, und auch hier erfreuten uns spannende Spiele auf hohem Niveau. De gesetzten Spieler ihrer Favoritenrolle gerecht. Nur Arno Kohl musste in der U19 schon im Viertelfinale die Segel streichen.<\/span><\/p>\n<p><span style=\"color: #000000;\">Der Zeitplan wurde gut eingehalten, so dass gegen 20:45 der erste Tag fast p\u00fcnktlich beendet wurde.<\/span><\/p>\n<p><span style=\"color: #000000;\">Am Sonntag standen \u201enur\u201c noch die Doppelkonkurrenzen auf dem Programm. Vorher fanden noch die Siegerehrrungen im Mixed und Einzel statt. Die Doppelwettbewerbe konnten sehr z\u00fcgig durchgef\u00fchrt werden. Die gesetzten Spieler bewiesen auch hier Ihre Klasse und bestimmten die Spiele. P\u00fcnktlich endeten die Wettbewerbe auch Sonntag.<\/span><\/p>\n<p><span style=\"color: #000000;\">Wir hoffen, dass alle wieder gesund und munter in ihren Heimatorten angekommen sind, und das Turnier in G\u00f6rlitz in guter Erinnerung behalten.\u00a0<\/span><\/p>\n<p><span style=\"color: #000000;\"><strong>Fazit : <\/strong>Trotz aller M\u00fchen bei Vorbereitung und Durchf\u00fchrung haben sich alle Anstrengungen f\u00fcr den 1. BV G\u00f6rlitz gelohnt. Wir sahen hochklassige und vor allem faire Spiele. Daf\u00fcr allen Teilnehmern ein herzliches Dankesch\u00f6n. Allen Gewinnern und Platzierten HERZLICHEN GL\u00dcCKWUNSCH!<\/span><\/p>\n<p><span style=\"color: #000000;\">Wir w\u00fcrden uns freuen, nochmals ein solch sch\u00f6nes Turnier ausrichten zu d\u00fcrfen.<\/span><\/p>\n<p>&nbsp;<\/p>\n<p><span style=\"color: #000000;\">i.A Lutz Buchal<\/span><\/p>\n<p>&nbsp;<\/p>\n<p>&nbsp;<\/p>\n","protected":false},"excerpt":{"rendered":"<p>Ergebnisse bei KROTON Bildergalerie: [klick hier] [klick hier] Der 1. BV G\u00f6rlitz war Ausrichter der SOEM u13-u19 am 12.\/13.01.2023 . Hier ein Bericht des Veranstalters:<\/p>\n","protected":false},"author":2,"featured_media":0,"comment_status":"open","ping_status":"open","sticky":false,"template":"","format":"standard","meta":{"footnotes":""},"categories":[5],"tags":[],"class_list":["post-4475","post","type-post","status-publish","format-standard","hentry","category-archiv"],"_links":{"self":[{"href":"https:\/\/rvo.wiese-jens.de\/index.php?rest_route=\/wp\/v2\/posts\/4475","targetHints":{"allow":["GET"]}}],"collection":[{"href":"https:\/\/rvo.wiese-jens.de\/index.php?rest_route=\/wp\/v2\/posts"}],"about":[{"href":"https:\/\/rvo.wiese-jens.de\/index.php?rest_route=\/wp\/v2\/types\/post"}],"author":[{"embeddable":true,"href":"https:\/\/rvo.wiese-jens.de\/index.php?rest_route=\/wp\/v2\/users\/2"}],"replies":[{"embeddable":true,"href":"https:\/\/rvo.wiese-jens.de\/index.php?rest_route=%2Fwp%2Fv2%2Fcomments&post=4475"}],"version-history":[{"count":0,"href":"https:\/\/rvo.wiese-jens.de\/index.php?rest_route=\/wp\/v2\/posts\/4475\/revisions"}],"wp:attachment":[{"href":"https:\/\/rvo.wiese-jens.de\/index.php?rest_route=%2Fwp%2Fv2%2Fmedia&parent=4475"}],"wp:term":[{"taxonomy":"category","embeddable":true,"href":"https:\/\/rvo.wiese-jens.de\/index.php?rest_route=%2Fwp%2Fv2%2Fcategories&post=4475"},{"taxonomy":"post_tag","embeddable":true,"href":"https:\/\/rvo.wiese-jens.de\/index.php?rest_route=%2Fwp%2Fv2%2Ftags&post=4475"}],"curies":[{"name":"wp","href":"https:\/\/api.w.org\/{rel}","templated":true}]}}